{"id":990,"date":"2022-12-19T22:22:45","date_gmt":"2022-12-19T22:22:45","guid":{"rendered":"https:\/\/www.wahrheitundrecht.info\/?p=990"},"modified":"2022-12-19T22:35:32","modified_gmt":"2022-12-19T22:35:32","slug":"deutschland-im-fadenkreuz","status":"publish","type":"post","link":"https:\/\/www.wahrheitundrecht.info\/?p=990","title":{"rendered":"Deutschland im Fadenkreuz"},"content":{"rendered":"\n<p>G\u00fcnter Zemella:<br>Deutschland im Fadenkreuz \u2013 Der zweite drei\u00dfigj\u00e4hrige Krieg 1914-1945.<br>Zwischen L\u00fcge und Wahrheit<br>Unbeirrbar, frei von den zeitgeistigen Dogmen der political correctness, die wie eine Grabplatte \u00fcber unserem Land liegt, und nur der Wahrheit verpflichtet \u2013 so wie es der gro\u00dfe Historiker Leopold von Ranke als Leitspruch verstand, n\u00e4mlich zu sagen, \u201ewie es gewesen ist\u201c \u2013, zeichnet der Autor die Urkatastrophe des 20. Jahrhunderts nach. Akribisch und faktenreich, immer dokumentarisch belegt, zerrei\u00dft G\u00fcnter Zemella den Schleier der Unwahrheiten, Halbheiten, M\u00e4rchen und Mythen der immer noch vorherrschenden alliierten Propaganda, die von der Wiege bis zur Bahre die Seele unseres Volkes verwirrt und vergiftet. Mutig und mit leicht verst\u00e4ndlicher Sprache fordert der Verfasser ein verbrieftes Menschenrecht ein, n\u00e4mlich das \u201eRecht auf Wahrheit\u201c: Ein Appell gegen das g\u00e4ngige und allgegenw\u00e4rtige Herrschaftsinstrument der deutschen Schuld und des deutschen Schuldbewu\u00dftseins.<\/p>\n\n\n\n<p><a href=\"https:\/\/derschelm.com\/zemella-deutschland-im-fadenkreuz.html\" target=\"_blank\" rel=\"noreferrer noopener\">G\u00fcnter Zemella &#8211; Deutschland im Fadenkreuz<\/a><\/p>\n\n\n\n<p>Zemella: Deutschland im Fadenkreuz &#8211; Der zweite drei\u00dfigj\u00e4hrige Krieg 1914-1945. Zwischen L\u00fcge und Wahrheit, 560 S., geb.<\/p>\n\n\n\n<p>Dieses Buch ist zugleich ein Aufruf an die herrschenden Klassen, die gerne und h\u00e4ufig von Vers\u00f6hnung sprechen, aber dabei etwas Entscheidendes vergessen: &#8222;Wer Vers\u00f6hnung anstrebt, mu\u00df dazu bereit sein, die volle Wahrheit anzuerkennen.&#8220; Dazu mu\u00df die Geschichte des &#8222;Zweiten drei\u00dfigj\u00e4hrigen Krieges gegen Deutschland&#8220; neu geschrieben werden. Dieses Buch leistet dazu einen unverzichtbaren Beitrag.<\/p>\n\n\n\n<p><a href=\"https:\/\/deutsches-warenhaus.net\/product_info.php?info=p2022907_zemella--deutschland-im-fadenkreuz---der-zweite-dreissigjaehrige-krieg-1914-1945--zwischen-luege-und-wahrheit.html\" target=\"_blank\" rel=\"noreferrer noopener\">Der zweite drei\u00dfigj\u00e4hrige Krieg 1914-1945<\/a><\/p>\n\n\n\n<p>Inhaltsverzeichnis<\/p>\n\n\n\n<ol><li>Kurzbiographie des Autors \u2026\u2026\u2026\u2026\u2026\u2026\u2026\u2026\u2026\u2026\u2026\u2026\u2026\u2026\u2026\u2026\u2026\u2026\u2026.. 9<br>1.1 Warum dieses Buch? \u2026\u2026\u2026\u2026\u2026\u2026\u2026\u2026\u2026\u2026\u2026\u2026\u2026\u2026\u2026\u2026\u2026\u2026\u2026\u2026\u2026. ..9<br>1.2 Vorbemerkung \u2026\u2026\u2026\u2026\u2026\u2026\u2026\u2026\u2026\u2026\u2026\u2026\u2026\u2026\u2026\u2026\u2026\u2026\u2026\u2026\u2026\u2026\u2026.. .. 10<\/li><li>Die Wahren Ursachen des Ersten und des Zweiten Weltkrieges 18<\/li><li>Der Erste Weltkrieg 1914-1918 \u2026\u2026\u2026\u2026\u2026\u2026\u2026\u2026\u2026\u2026\u2026\u2026\u2026\u2026\u2026\u2026.. 26<br>3.1 Das Versailler Diktat 1919 \u2013 Ausgangspunkt der<br>europ\u00e4ischen Katastrophe \u2026\u2026\u2026\u2026\u2026\u2026\u2026\u2026\u2026\u2026\u2026\u2026\u2026\u2026\u2026\u2026\u2026\u2026 ..31<br>3.2 Wie kam Hitler 1933 an die Macht, und was faszinierte<br>die Menschen an ihm? \u2026\u2026\u2026\u2026\u2026\u2026\u2026\u2026\u2026\u2026\u2026\u2026\u2026 \u2026\u2026\u2026. ..42<br>3.3 Woran ist die Abr\u00fcstung 1934 gescheitert? \u2026\u2026\u2026\u2026\u2026\u2026\u2026\u2026\u2026. .. 53<br>3.4 Welche M\u00e4chte begannen ab 1934 mit dem Wettr\u00fcsten? \u2026\u2026. ..60<\/li><li>Wie kam es zur Rheinlandbesetzung 1936? \u2026\u2026\u2026\u2026\u2026\u2026\u2026\u2026\u2026\u2026. 64<\/li><li>Wie kam es zum \u201eAnschlu\u00df\u201c \u00d6sterreichs 1938? \u2013<br>Eine Chronologie der Ereignisse\u2026\u2026\u2026\u2026\u2026\u2026\u2026\u2026\u2026\u2026\u2026\u2026\u2026\u2026\u2026\u2026. 69<\/li><li>Wie kam es zur Sudetenkrise 1938 und zum \u201eAnschlu\u00df\u201c des<br>Sudetenlandes an Deutschland? \u2013<br>Eine Chronologie der Ereignisse\u2026\u2026\u2026\u2026\u2026\u2026\u2026\u2026\u2026\u2026\u2026\u2026\u2026\u2026\u2026\u2026. 81<\/li><li>Der Zweite Weltkrieg 1939-1945 \u2026\u2026\u2026\u2026\u2026\u2026\u2026\u2026\u2026\u2026\u2026\u2026\u2026\u2026\u2026. 109<br>7.1 Wie kam es zum \u201e\u00dcberfall\u201c auf Polen 1939? \u2013<br>Eine Chronologie der Ereignisse \u2026\u2026\u2026\u2026\u2026\u2026\u2026\u2026\u2026\u2026\u2026\u2026\u2026\u2026 .. 109<br>7.2 Wie kam es zum \u201e\u00dcberfall\u201c auf die Sowjetunion 1941? \u2013<br>Eine Chronologie der Ereignisse \u2026\u2026\u2026\u2026\u2026\u2026\u2026\u2026\u2026\u2026\u2026\u2026\u2026\u2026 \u201e208<\/li><li>Der Bombenkrieg gegen die Zivilbev\u00f6lkerung \u2026\u2026\u2026\u2026\u2026\u2026\u2026\u2026. 290<br>8.1 Die V\u00f6lkerrechtswidrigkeit des Bombenkrieges gegen die<br>Zivilbev\u00f6lkerung\u2026\u2026\u2026\u2026\u2026\u2026\u2026\u2026\u2026\u2026\u2026\u2026\u2026\u2026\u2026\u2026\u2026\u2026\u2026\u2026\u2026\u2026 .. 290<br>8.2 Die vorherrschende Geschichtsschreibung zu den deutschen<br>Luftangriffen \u2026\u2026\u2026\u2026\u2026\u2026\u2026\u2026\u2026\u2026\u2026\u2026\u2026\u2026\u2026\u2026\u2026\u2026\u2026\u2026\u2026\u2026\u2026.. ..291<br>8.3 Wie kam es zu den alliierten Bombenangriffen auf<br>Deutschland? \u2026\u2026\u2026\u2026\u2026\u2026\u2026\u2026\u2026\u2026\u2026\u2026\u2026\u2026\u2026\u2026\u2026\u2026\u2026\u2026\u2026\u2026\u2026.. ..295<br>8.4 Die Verantwortlichen des Bombenterrors\u2026\u2026\u2026\u2026\u2026\u2026\u2026\u2026\u2026.. ..298<br>8.5 Bilanz des Bombenkrieges gegen Deutschland \u2026\u2026\u2026\u2026\u2026\u2026\u2026 ..316<br>8.6 Zerst\u00f6rung von Kulturg\u00fctern \u2026\u2026\u2026\u2026\u2026\u2026\u2026\u2026\u2026\u2026\u2026\u2026\u2026\u2026\u2026.. ..318<br>8.7 Zerst\u00f6rung Stettins am 17.\/29.\/30. August 1944 \u2026\u2026\u2026\u2026\u2026.. ..320<br>8.8 Zerst\u00f6rung K\u00f6nigsbergs am 29.\/30. August 1944 \u2026\u2026\u2026\u2026\u2026. ..321<br>8.9 Zerst\u00f6rung Allensteins am 22. ]anuar 1945 \u2026\u2026\u2026\u2026\u2026\u2026\u2026\u2026. \u201e325<br>8.10 Zerst\u00f6rung Danzigs am 9. M\u00e4rz 1945 \u2026\u2026\u2026\u2026\u2026\u2026\u2026\u2026\u2026\u2026\u2026. ..326<br>8.11 Zerst\u00f6rung von Leobsch\u00fctz (OS) am 16. M\u00e4rz 1945 \u2013<br>Leobsch\u00fctzer Todeszug \u2026\u2026\u2026\u2026\u2026\u2026\u2026\u2026\u2026\u2026\u2026\u2026\u2026\u2026\u2026\u2026\u2026\u2026. \u201e328<br>8.12 Zerst\u00f6rung Ratibors (Oberschlesien) am 31. M\u00e4rz 1945 \u2026\u2026 ..330<br>8.13 Zerst\u00f6rung von Nei\u00dfe (Oberschlesien) am 31. M\u00e4rz 1945\u2026..331<br>8.14 1. April 1945: Beginn der Zerst\u00f6rung Breslaus\u2026\u2026\u2026\u2026\u2026\u2026\u2026 ..332<\/li><li>Das Deutschlandbild der Anglo-Amerikaner \u2026\u2026\u2026\u2026\u2026\u2026\u2026\u2026\u2026\u2026 335<br>9.1 Der Kaufman-Plan: Sterilisation der Deutschen\u2026\u2026\u2026\u2026\u2026\u2026. \u201e335<br>9.2 Ernest Hemingway: Sterilisation als Endl\u00f6sung \u2026\u2026\u2026\u2026\u2026\u2026. ..336<br>9.3 Der Hooton-Plan: Bev\u00f6lkerungsvermischung durch<br>Immigration \u2026\u2026\u2026\u2026\u2026\u2026\u2026\u2026\u2026\u2026\u2026\u2026\u2026\u2026\u2026\u2026\u2026\u2026\u2026\u2026\u2026\u2026\u2026.. . . 337<br>9.4 Der Nizer-Plan: Nachkriegs-Deutschland mu\u00df total<br>umgestaltet werden \u2026\u2026\u2026\u2026\u2026\u2026\u2026\u2026\u2026\u2026\u2026\u2026\u2026\u2026\u2026\u2026\u2026\u2026\u2026\u2026. ..338<br>9.5 Der Morgenthau-Plan: Deindustrialisierung und<br>Agrarisierung Deutschlands \u2026\u2026\u2026\u2026\u2026\u2026\u2026\u2026\u2026\u2026\u2026\u2026\u2026\u2026\u2026\u2026 ..342<br>9.6 Andere antideutsche Stimmen \u2026\u2026\u2026\u2026\u2026\u2026\u2026\u2026\u2026\u2026\u2026\u2026\u2026\u2026\u2026 ..344<\/li><li>Wie kam es zum Genozid an 15 Millionen Deutschen? \u2026\u2026\u2026\u2026 348<br>10.1 Vorgeschichte der Vertreibung \u2013 die Rolle der Westm\u00e4chte .348<br>10.2 Chronologie der Ereignisse \u2026\u2026\u2026\u2026\u2026\u2026\u2026\u2026\u2026\u2026\u2026\u2026\u2026\u2026\u2026\u2026 ..352<br>10.3 Die Vertreibung der Sudetendeutschen und die<br>Annexion des Sudetenlandes \u2026\u2026\u2026\u2026\u2026\u2026\u2026\u2026\u2026\u2026\u2026\u2026\u2026\u2026\u2026 ..398<br>10.4 Der Bericht des Komitees gegen Massenvertreibung \u2026\u2026\u2026. ..401<br>10.5 Das Massaker von Prag \u2026\u2026\u2026\u2026\u2026\u2026\u2026\u2026\u2026\u2026\u2026\u2026\u2026\u2026\u2026\u2026\u2026.. ..403<br>10.6 Das Massaker von Postelberg \u2026.. . \u2026\u2026.. \u2026\u2026\u2026\u2026.. ..407<br>10.7 Das Massaker von Lodenitz \u2026\u2026\u2026\u2026\u2026\u2026\u2026\u2026\u2026\u2026\u2026\u2026\u2026\u2026\u2026.. ..409<br>10.8 Das Massaker von Libeznice\/Rothkirchen\u2026\u2026\u2026 .. \u2026\u2026.410<br>10.9 Das Massaker von Nachod \u2026\u2026\u2026\u2026\u2026\u2026\u2026\u2026\u2026\u2026.. .. \u2026\u2026.411<br>10.10 Das Massaker von Prerau \u2026\u2026\u2026\u2026\u2026\u2026\u2026\u2026\u2026\u2026\u2026\u2026\u2026\u2026\u2026\u2026\u2026 \u201e412<br>10.11 Das \u201eBlutgericht von Landskron\u201c \u2013<br>Volksgericht auf tschechisch \u2026\u2026\u2026\u2026\u2026\u2026\u2026\u2026\u2026\u2026\u2026\u2026\u2026\u2026\u2026.. ..4 1 3<br>10.12 DerTodesmarsch von Br\u00fcnn \u2026\u2026\u2026.. \u2026\u2026.. ._ \u2026\u2026.415<br>10.13 Das Massaker von Aussig \u2026\u2026\u2026\u2026\u2026\u2026\u2026\u2026\u2026\u2026\u2026\u2026\u2026\u2026\u2026\u2026\u2026 ..418<br>10.14 Weitere tschechische Nachkriegsverbrechen<br>im Sommer 1945 \u2026\u2026\u2026\u2026\u2026\u2026\u2026\u2026\u2026\u2026\u2026\u2026\u2026\u2026\u2026\u2026\u2026\u2026\u2026\u2026\u2026 ..421<br>10.15 Prager Erzbischof verteidigt Vertreibung der<br>Sudetendeutschen \u2026\u2026\u2026\u2026\u2026\u2026\u2026\u2026\u2026\u2026\u2026\u2026\u2026\u2026\u2026\u2026\u2026\u2026\u2026\u2026.. ..422<br>10.16 Ein Fazit \u2026\u2026\u2026\u2026\u2026\u2026\u2026\u2026\u2026\u2026\u2026\u2026\u2026\u2026\u2026\u2026\u2026\u2026\u2026\u2026\u2026\u2026\u2026\u2026\u2026 ..424<\/li><li>Die Vertreibung der Ostdeutschen und die Annexion der Ostpro-<br>vinzen durch Polen \u2026\u2026\u2026\u2026\u2026\u2026\u2026\u2026\u2026\u2026\u2026\u2026\u2026\u2026\u2026\u2026\u2026\u2026\u2026\u2026\u2026\u2026. 426<br>11.1 Das Polnische Nachkriegs-KZ Lamsdorf\u2026\u2026\u2026\u2026\u2026\u2026\u2026\u2026\u2026. ..432<br>11.2 \u201eAus einem Totenland\u201c \u2013 Eine historische Reportage<br>aus Polen 1945 \u2026\u2026\u2026\u2026\u2026\u2026\u2026\u2026\u2026\u2026\u2026\u2026\u2026\u2026\u2026\u2026\u2026\u2026\u2026\u2026\u2026\u2026 ..437<br>11.3 Deportationsbericht des Nachrichtenmagazins<br>Der Spiegel vom 25. Januar 1947 \u2026\u2026\u2026\u2026\u2026\u2026\u2026\u2026\u2026\u2026\u2026\u2026.. ..441<br>11.4 Das Massaker von Niederkaina \u2026\u2026\u2026\u2026\u2026\u2026\u2026\u2026\u2026\u2026\u2026\u2026\u2026\u2026 ..442<br>11.5 Die Rolle des polnischen Klerus bei der<br>Entdeutschung der eroberten Gebiete \u2026\u2026\u2026\u2026\u2026 ._ \u2026\u2026.443<br>11.6 Der Raub Stettins 1945 \u2026\u2026\u2026\u2026\u2026\u2026\u2026\u2026\u2026\u2026\u2026\u2026 ._ \u2026\u2026.450<br>11.7 Ein Fazit \u2026\u2026\u2026\u2026\u2026\u2026\u2026\u2026\u2026\u2026\u2026\u2026\u2026\u2026\u2026\u2026\u2026\u2026\u2026\u2026\u2026\u2026\u2026\u2026\u2026 ..452<\/li><li>\u201eAuge um Auge\u201c -J\u00fcdische Verbrechen an Deutschen<br>in Ostdeutschland 1945 \u2026\u2026\u2026\u2026\u2026\u2026\u2026\u2026\u2026. \u2026\u2026\u2026\u2026\u2026\u2026. 454<br>12.1 Die Geschehnisse im Lager Potulice \u2026\u2026\u2026\u2026\u2026\u2026\u2026\u2026\u2026\u2026\u2026457<br>12.2 Die Geschehnisse im Lager Myslowitz, Grottkau \u2026\u2026\u2026\u2026\u2026 ..458<br>12.3 Die Geschehnisse in Gleiwitz \u2026\u2026\u2026\u2026\u2026\u2026\u2026\u2026\u2026\u2026\u2026\u2026\u2026\u2026.. ..459<br>12.4 Die Geschehnisse in Breslau \u2026\u2026\u2026\u2026\u2026\u2026\u2026\u2026\u2026\u2026\u2026\u2026\u2026\u2026\u2026. ..460<br>12.5 Die Geschehnisse in Nei\u00dfe, Glatz und Ottmachau \u2026\u2026\u2026.. ..460<\/li><li>Der Krieg auf dem Balkan \u2026\u2026\u2026\u2026\u2026\u2026\u2026\u2026\u2026\u2026\u2026\u2026\u2026\u2026\u2026\u2026\u2026\u2026.. 462<\/li><li>Die Vertreibung der Deutschen aus Jugoslawien \u2026\u2026\u2026\u2026\u2026\u2026\u2026.. 464<br>14.1 Das Massaker von Cilli \u2026\u2026\u2026\u2026\u2026\u2026\u2026\u2026\u2026\u2026\u2026\u2026\u2026\u2026\u2026\u2026\u2026\u2026 ..465<br>14.2 Das Massaker von Dobrava\u2026\u2026\u2026\u2026\u2026\u2026\u2026\u2026\u2026\u2026\u2026\u2026\u2026\u2026\u2026\u2026 ..466<br>14.3 Das Massaker von Lese (Liescha) \u2026\u2026\u2026\u2026\u2026\u2026\u2026\u2026\u2026\u2026\u2026\u2026\u2026 \u201e468<br>14.4 Das Massaker in der Vojvodina\/Banat \u2026\u2026\u2026 \u2026\u2026\u2026\u2026.. ..469<br>14.5 Das Massaker von Rab \u2026\u2026\u2026\u2026\u2026\u2026\u2026\u2026\u2026\u2026\u2026\u2026\u2026\u2026\u2026\u2026\u2026\u2026. ..471<br>14.6 Das Massaker von Bleiburg und weitere Verbrechen<br>des Tito-Regimes \u2026\u2026\u2026\u2026\u2026\u2026\u2026\u2026\u2026\u2026\u2026\u2026\u2026\u2026\u2026\u2026\u2026\u2026\u2026\u2026\u2026 ..471<\/li><li>Die Vertreibung der Deutschen aus Ungarn \u2026\u2026\u2026\u2026\u2026\u2026\u2026\u2026\u2026\u2026 476<\/li><li>Die Vertreibung der Deutschen aus Rum\u00e4nien \u2026\u2026\u2026\u2026\u2026\u2026\u2026\u2026. 479<\/li><li>Rheinwiesenlager \u2013 der elende Tod deutscher<br>Kriegsgefangener \u2026\u2026\u2026\u2026\u2026\u2026\u2026\u2026\u2026\u2026\u2026\u2026\u2026\u2026\u2026\u2026\u2026\u2026\u2026\u2026\u2026\u2026\u2026. 481<\/li><li>Die Hauptakteure im Zweiten Weltkrieg \u2026\u2026\u2026\u2026\u2026\u2026\u2026\u2026\u2026\u2026\u2026. 483<br>18.1 Die Rolle Stalins \u2026\u2026\u2026 \u2026\u2026.. . . . . . . . . . . . . . . . . . . . . . . . . ..483<br>18.2 Die Rolle Churchills . . . . . . . . . . . . . . . . . . . . . . . . . . . . . . . . . . ..489<br>18.3 Die Rolle Roosevelts \u2026\u2026\u2026\u2026\u2026\u2026\u2026\u2026\u2026\u2026\u2026\u2026\u2026\u2026\u2026\u2026\u2026\u2026\u2026 ..494<br>18.4 Die Rolle Hitlers \u2026\u2026\u2026\u2026\u2026\u2026\u2026\u2026\u2026\u2026\u2026\u2026\u2026\u2026\u2026\u2026\u2026\u2026\u2026\u2026\u2026 ..514<br>18.5 Die Rolle Frankreichs . . . . . . . . . . . . . . . . . . . . . . . . . . . . . . . . . . ..522<br>18.6 Die Rolle Polens \u2026\u2026\u2026\u2026\u2026\u2026\u2026\u2026\u2026\u2026\u2026\u2026\u2026\u2026\u2026\u2026\u2026\u2026\u2026\u2026\u2026 ..525<\/li><li>50 Thesen zur Vertreibung der Deutschen\u2026\u2026\u2026\u2026\u2026\u2026\u2026\u2026\u2026\u2026\u2026 534<\/li><li>Literaturverzeichnis \u2026\u2026\u2026\u2026\u2026\u2026\u2026\u2026\u2026\u2026\u2026\u2026\u2026\u2026\u2026\u2026\u2026\u2026\u2026\u2026\u2026\u2026 549<\/li><\/ol>\n\n\n\n<p><a rel=\"noreferrer noopener\" href=\"https:\/\/www.amazon.de\/Deutschland-Fadenkreuz-drei%C3%9Figj%C3%A4hrige-1914-1945-Zwischen\/dp\/3941730088\" target=\"_blank\">Der zweite Drei\u00dfigj\u00e4hrige Krieg 1914-1945 \u2013\u00a0Zwischen L\u00fcge und Wahrheit<\/a><\/p>\n\n\n\n<ol><li>Kurzbiographie des Autors<br>Geboren 1940 in Streitkirch, Kreis Ratibor\/Oberschlesien. Im M\u00e4rz 1945 Flucht mit Familie nach Bayern. im Oktober 1945 R\u00fcckkehr in die oberschlesische Heimat. Von 1947 bis 1958 polnische Volksschule und Lyzeum in Ratibor. Im Mai 1958 Abitur. Im Oktober 1958 Beginn des Studiums der Rechtswissenschaften an der Universit\u00e4t Breslau. Im November 1958 Umsiedlung in die BRD und Fortsetzung des Studiums an der Universit\u00e4t in Frankfurt\/M. Nach Abschlu\u00df des Studiums Gerichtsreferendar. Bis zur Pensionierung T\u00e4tigkeit bei einer Bausparkasse. Verheiratet seit 1964, drei Kinder, acht Enkelkinder. Nach einer Oberschenkelamputation 1953 und einem schweren Schlaganfall 2008 auf den Rollator bzw. Rollstuhl angewiesen.<br>1.1 Warum dieses Buch?<br>Die hierzulande vorherrschende Geschichtsschreibung orientiert sich nicht immer an der historischen Wahrheit, sondern sie folgt oft dem Gebot der \u201epolitischen Korrektheit\u201c (PC). Dementsprechend vermittelt sie ein einseitiges Geschichtsbild, bei dem es vorrangig um deutsche Schuld und S\u00fchne geht. Die PC wird dann fragw\u00fcrdig, \u201ewenn Historiker ihre Darstellungen nach dem politisch gew\u00fcnschten Urteil ausrichten, also unbequeme Quellen<br>manipulieren oder verschweigen, essentielle Tatsachen \u00fcbergehen und wichtige Fragen nicht mehr stellen oder zu stellen wagen\u201c. (Franz Uhle-Wettlerl)<br>Dies geschieht h\u00e4ufiger, als allgemein angenommen wird. Insbesondere bei der Darstellung der Jahre von 1914 bis 1945 und der ersten Jahre der alliierten Besatzung ist der Einflu\u00df der PC besonders stark. Der Journalist Johannes Gross charakterisierte diese Vorgabe in seiner 1989 erschienenen<br>Schrift \u201ePh\u00f6nix in Asche\u201c mit den treffenden Worten: \u201eDie Verwaltung der deutschen Schuld und die Pflege des deutschen Schuldbewu\u00dftseins sind ein Herrschaftsinstrument. Es liegt in der Hand aller, die Herrschaft \u00fcber die Deutschen aus\u00fcben wollen, drinnen wie drau\u00dfen.\u201c<\/li><\/ol>\n\n\n\n<p><a href=\"https:\/\/www.amazon.de\/Deutschland-Fadenkreuz-drei%C3%9Figj%C3%A4hrige-1914-1945-Zwischen\/dp\/3941730088\" target=\"_blank\" rel=\"noreferrer noopener\">G\u00fcnter Zemella\u00a0&#8211; Deutschland im Fadenkreuz<\/a><\/p>\n","protected":false},"excerpt":{"rendered":"<p>G\u00fcnter Zemella:Deutschland im Fadenkreuz \u2013 Der zweite drei\u00dfigj\u00e4hrige Krieg 1914-1945.Zwischen L\u00fcge und WahrheitUnbeirrbar, frei von den zeitgeistigen Dogmen der political correctness, die wie eine Grabplatte \u00fcber unserem Land liegt, und nur der Wahrheit verpflichtet \u2013 so wie es der gro\u00dfe Historiker Leopold von Ranke als Leitspruch verstand, n\u00e4mlich zu sagen, \u201ewie es gewesen ist\u201c \u2013, [&hellip;]<\/p>\n","protected":false},"author":2,"featured_media":999,"comment_status":"open","ping_status":"open","sticky":false,"template":"","format":"standard","meta":[],"categories":[4],"tags":[],"_links":{"self":[{"href":"https:\/\/www.wahrheitundrecht.info\/index.php?rest_route=\/wp\/v2\/posts\/990"}],"collection":[{"href":"https:\/\/www.wahrheitundrecht.info\/index.php?rest_route=\/wp\/v2\/posts"}],"about":[{"href":"https:\/\/www.wahrheitundrecht.info\/index.php?rest_route=\/wp\/v2\/types\/post"}],"author":[{"embeddable":true,"href":"https:\/\/www.wahrheitundrecht.info\/index.php?rest_route=\/wp\/v2\/users\/2"}],"replies":[{"embeddable":true,"href":"https:\/\/www.wahrheitundrecht.info\/index.php?rest_route=%2Fwp%2Fv2%2Fcomments&post=990"}],"version-history":[{"count":8,"href":"https:\/\/www.wahrheitundrecht.info\/index.php?rest_route=\/wp\/v2\/posts\/990\/revisions"}],"predecessor-version":[{"id":998,"href":"https:\/\/www.wahrheitundrecht.info\/index.php?rest_route=\/wp\/v2\/posts\/990\/revisions\/998"}],"wp:featuredmedia":[{"embeddable":true,"href":"https:\/\/www.wahrheitundrecht.info\/index.php?rest_route=\/wp\/v2\/media\/999"}],"wp:attachment":[{"href":"https:\/\/www.wahrheitundrecht.info\/index.php?rest_route=%2Fwp%2Fv2%2Fmedia&parent=990"}],"wp:term":[{"taxonomy":"category","embeddable":true,"href":"https:\/\/www.wahrheitundrecht.info\/index.php?rest_route=%2Fwp%2Fv2%2Fcategories&post=990"},{"taxonomy":"post_tag","embeddable":true,"href":"https:\/\/www.wahrheitundrecht.info\/index.php?rest_route=%2Fwp%2Fv2%2Ftags&post=990"}],"curies":[{"name":"wp","href":"https:\/\/api.w.org\/{rel}","templated":true}]}}