{"id":833,"date":"2022-09-14T15:25:12","date_gmt":"2022-09-14T15:25:12","guid":{"rendered":"https:\/\/www.wahrheitundrecht.info\/?p=833"},"modified":"2022-09-20T08:53:21","modified_gmt":"2022-09-20T08:53:21","slug":"brd-kein-voelkerrechtssubjekt","status":"publish","type":"post","link":"https:\/\/www.wahrheitundrecht.info\/?p=833","title":{"rendered":"BRD kein V\u00f6lkerrechtssubjekt"},"content":{"rendered":"\n<blockquote class=\"wp-block-quote\"><p>Souver\u00e4ner Staat oder arglistige T\u00e4uschung?<\/p><p>Die BRD \u2013 kein Staat, sondern eine Firma?<\/p><cite><a href=\"https:\/\/www.wahrheiten.org\/blog\/brd-luege\/\" target=\"_blank\" rel=\"noreferrer noopener\">Die BRD-L\u00fcge<\/a><\/cite><\/blockquote>\n\n\n\n<blockquote class=\"wp-block-quote\"><p>An die BRD-Bediensteten: Ich wei\u00df, dass die Meisten von Euch nicht gewollt verstrickt sind in die uns\u00e4glichen Zust\u00e4nde, deren Auswirkungen wir hier sehen. Aber ich wei\u00df auch, dass diese uns\u00e4glichen Zust\u00e4nde ihres Wesens nach nicht anders sein k\u00f6nnen, da alle Voraussetzungen nur dazu f\u00fchren k\u00f6nnen. Deshalb ist unser Ansinnen auch nicht aus der Rache oder Wut geboren, sondern allein auf gerechten kalten Zorn und den Willen zur Gerechtigkeit zur\u00fcck zu f\u00fchren, um die Wiederherstellung und den Vollzug rechtsstaatlicher Zust\u00e4nde einzuleiten. Und dies bedeutet, Euch alle wieder in die Rechtsstaatlichkeit zu \u00fcberf\u00fchren und uns darin zu Einen.<\/p><cite><a href=\"http:\/\/arbeitskreis-n.su\/blog\/2014\/10\/03\/gladio-die-brd-und-der-nsu-kontra-dem-volkerrechtlichen-subjekt\/\" target=\"_blank\" rel=\"noreferrer noopener\">Gladio, die BRD und der NSU contra V\u00f6lkerrechtliches Subjekt<\/a><\/cite><\/blockquote>\n\n\n\n<blockquote class=\"wp-block-quote\"><p>Die BRD GmbH &#8211; Die Bundesrepublik Deutschland ist eine GmbH? Also eine Gesellschaft mit beschr\u00e4nkter Haftung? Was f\u00fcr Beweise gibt es, die diese These untermauern?<\/p><cite><a href=\"https:\/\/firmabrd.wordpress.com\/2013\/03\/31\/brd-gmbh\/\" target=\"_blank\" rel=\"noreferrer noopener\">Firma BRD<\/a><\/cite><\/blockquote>\n\n\n\n<blockquote class=\"wp-block-quote\"><p>BRD GmbH &#8211; BRD Rechtslage<\/p><cite><a href=\"https:\/\/revealthetruthdotnet.wordpress.com\/category\/brd-rechtslage\/brd-gmbh-brd-rechtslage\/\" target=\"_blank\" rel=\"noreferrer noopener\">Die Stunde der Wahrheit<\/a><\/cite><\/blockquote>\n\n\n\n<blockquote class=\"wp-block-quote\"><p>\u201eWir sind das Volk, die Macht ist unser\u201c &#8211; Wie stark \u201eWIR\u201c gemeinsam sind, nun dies kann sich jeder selbst denken.<\/p><cite><a href=\"https:\/\/volkundmacht.wordpress.com\/tag\/brd-gmbh\/\" target=\"_blank\" rel=\"noreferrer noopener\">BRD GmbH<\/a><\/cite><\/blockquote>\n\n\n\n<blockquote class=\"wp-block-quote\"><p>Der &#8222;Staat&#8220; BRD: T\u00e4uschung des Deutschen Volkes<\/p><cite><a href=\"https:\/\/equapio.com\/deutschland\/ist-deutschland-ein-staat-oder-ist-die-brd-eine-gmbh\/\" target=\"_blank\" rel=\"noreferrer noopener\">Die Pflichtlekt\u00fcre eines jeden B\u00fcrgers!<\/a><\/cite><\/blockquote>\n\n\n\n<blockquote class=\"wp-block-quote\"><p>Handelsregister B des Amtsgerichts Frankfurt am Main &#8211; Nummer der Firma: HRB 51411 &#8211; Bundesrepublik Deutschland &#8211; Finanzagentur<\/p><cite><a href=\"https:\/\/idoc.pub\/documents\/brd-finanzagentur-gmbh-mwl10ywx35nj\" target=\"_blank\" rel=\"noreferrer noopener\">Brd Finanzagentur Gmbh<\/a><\/cite><\/blockquote>\n\n\n\n<blockquote class=\"wp-block-quote\"><p>Die BRD ist nicht befugt f\u00fcr Deutschland zu sprechen und zu entscheiden!!! &#8211; Auszug aus Zeit Online 1956 : Die Bundesrepublik Deutschland und die sogenannte Deutsche Demokratische Republik stellen nicht und zwar weder getrennt, noch gemeinsam eine gesamtdeutsche Regierung dar, die erm\u00e4chtigt w\u00e4re, f\u00fcr das als Deutschland bekannte V\u00f6lkerrechtssubjekt zu handeln und Verpflichtungen einzugehen.<\/p><cite><a href=\"https:\/\/docplayer.org\/165928932-Die-brd-hat-auch-heute-noch-kein-recht-fuer-deutschland-zu-handeln.html\" target=\"_blank\" rel=\"noreferrer noopener\">DER BEWEIS!<\/a><\/cite><\/blockquote>\n\n\n\n<blockquote class=\"wp-block-quote\"><p>In der UNO steht Deutschland immer noch als Feindstaat und das bleibt solange eine BRD existiert. Die Regierungen seit 1949 sind keine deutsche Regierungen, sondern BRD-Gesch\u00e4ftsf\u00fchrungen.<\/p><cite><a href=\"https:\/\/deutschelobbyinfo.com\/2022\/01\/28\/brd-kaempft-vehement-gegen-deutschland-deutsche-reich\/\" target=\"_blank\" rel=\"noreferrer noopener\">BRD k\u00e4mpft vehement gegen Deutschland (Deutsches Reich)<\/a><\/cite><\/blockquote>\n\n\n\n<blockquote class=\"wp-block-quote\"><p>Der Besatzungsvorbehalt diente nicht nur als Grundlage der absoluten Kontrolle der Siegerm\u00e4chte gegen\u00fcber den besiegten Deutschen, sondern auch als Rechtfertigungsgrundlage f\u00fcr deutsche Hochverr\u00e4ter am Deutschen Volk, die sich vollst\u00e4ndig der Aush\u00f6hlung des Deutschen Reiches verschrieben und gleichzeitig dessen Wiederherstellung der Handlungsf\u00e4higkeit mit allen Mitteln hintertrieben.<\/p><cite><a href=\"https:\/\/www.mzwnews.com\/recht\/mitgliedschaft-der-brd-in-der-uno-in-feindschaft-zum-deutschen-reich\/\" target=\"_blank\" rel=\"noreferrer noopener\">Mitgliedschaft der BRD in der UNO in Feindschaft zum Deutschen Reich<\/a><\/cite><\/blockquote>\n","protected":false},"excerpt":{"rendered":"<p>Souver\u00e4ner Staat oder arglistige T\u00e4uschung? Die BRD \u2013 kein Staat, sondern eine Firma? Die BRD-L\u00fcge An die BRD-Bediensteten: Ich wei\u00df, dass die Meisten von Euch nicht gewollt verstrickt sind in die uns\u00e4glichen Zust\u00e4nde, deren Auswirkungen wir hier sehen. Aber ich wei\u00df auch, dass diese uns\u00e4glichen Zust\u00e4nde ihres Wesens nach nicht anders sein k\u00f6nnen, da alle [&hellip;]<\/p>\n","protected":false},"author":2,"featured_media":922,"comment_status":"open","ping_status":"open","sticky":false,"template":"","format":"standard","meta":[],"categories":[4],"tags":[],"_links":{"self":[{"href":"https:\/\/www.wahrheitundrecht.info\/index.php?rest_route=\/wp\/v2\/posts\/833"}],"collection":[{"href":"https:\/\/www.wahrheitundrecht.info\/index.php?rest_route=\/wp\/v2\/posts"}],"about":[{"href":"https:\/\/www.wahrheitundrecht.info\/index.php?rest_route=\/wp\/v2\/types\/post"}],"author":[{"embeddable":true,"href":"https:\/\/www.wahrheitundrecht.info\/index.php?rest_route=\/wp\/v2\/users\/2"}],"replies":[{"embeddable":true,"href":"https:\/\/www.wahrheitundrecht.info\/index.php?rest_route=%2Fwp%2Fv2%2Fcomments&post=833"}],"version-history":[{"count":12,"href":"https:\/\/www.wahrheitundrecht.info\/index.php?rest_route=\/wp\/v2\/posts\/833\/revisions"}],"predecessor-version":[{"id":846,"href":"https:\/\/www.wahrheitundrecht.info\/index.php?rest_route=\/wp\/v2\/posts\/833\/revisions\/846"}],"wp:featuredmedia":[{"embeddable":true,"href":"https:\/\/www.wahrheitundrecht.info\/index.php?rest_route=\/wp\/v2\/media\/922"}],"wp:attachment":[{"href":"https:\/\/www.wahrheitundrecht.info\/index.php?rest_route=%2Fwp%2Fv2%2Fmedia&parent=833"}],"wp:term":[{"taxonomy":"category","embeddable":true,"href":"https:\/\/www.wahrheitundrecht.info\/index.php?rest_route=%2Fwp%2Fv2%2Fcategories&post=833"},{"taxonomy":"post_tag","embeddable":true,"href":"https:\/\/www.wahrheitundrecht.info\/index.php?rest_route=%2Fwp%2Fv2%2Ftags&post=833"}],"curies":[{"name":"wp","href":"https:\/\/api.w.org\/{rel}","templated":true}]}}