{"id":745,"date":"2022-06-17T22:11:35","date_gmt":"2022-06-17T22:11:35","guid":{"rendered":"https:\/\/www.wahrheitundrecht.info\/?p=745"},"modified":"2022-09-20T08:54:12","modified_gmt":"2022-09-20T08:54:12","slug":"die-kirchen-im-dritten-reich","status":"publish","type":"post","link":"https:\/\/www.wahrheitundrecht.info\/?p=745","title":{"rendered":"Die Kirchen im Dritten Reich"},"content":{"rendered":"\n<figure class=\"wp-block-image size-full\"><img loading=\"lazy\" width=\"640\" height=\"451\" src=\"https:\/\/www.wahrheitundrecht.info\/wp-content\/uploads\/2022\/02\/k-Gott.segne_.jpg\" alt=\"\" class=\"wp-image-750\" srcset=\"https:\/\/www.wahrheitundrecht.info\/wp-content\/uploads\/2022\/02\/k-Gott.segne_.jpg 640w, https:\/\/www.wahrheitundrecht.info\/wp-content\/uploads\/2022\/02\/k-Gott.segne_-300x211.jpg 300w\" sizes=\"(max-width: 640px) 100vw, 640px\" \/><figcaption><br><br><br><a href=\"https:\/\/www.wahrheitundrecht.info\/wp-content\/uploads\/2022\/02\/Gott-segne-den-Fuehrer_rotated.pdf\" target=\"_blank\" rel=\"noreferrer noopener\">Die Kirchen im Dritten Reich &#8211; Eine Dokumentation von Bekenntnissen und Selbstzeugnissen<\/a><\/figcaption><\/figure>\n\n\n\n<ul><li><a href=\"https:\/\/de.book-info.com\/isbn\/3-8061-1040-9.htm\" target=\"_blank\" rel=\"noreferrer noopener\">Gott segne den F\u00fchrer. Die Kirchen und das Dritte Reich. Eine Dokumentation von Bekenntnissen und Selbstzeugnissen<\/a><\/li><\/ul>\n\n\n\n<ul><li><a href=\"http:\/\/bvbr.bib-bvb.de:8991\/exlibris\/aleph\/a23_1\/apache_media\/NC3YD59N6GNFTKF3BTYFIY4DT89BBI.pdf\" target=\"_blank\" rel=\"noreferrer noopener\">Inhaltsverzeichnis<\/a><\/li><\/ul>\n\n\n\n<ul><li><a href=\"https:\/\/archive.org\/details\/gott-segne-unseren-fuhrer-version-1\" target=\"_blank\" rel=\"noreferrer noopener\">Gott, segne unseren F\u00fchrer ! (Version 1)<\/a><\/li><\/ul>\n\n\n\n<ul><li><a href=\"https:\/\/archive.org\/details\/gott-segne-unseren-fuhrer-version-2\" target=\"_blank\" rel=\"noreferrer noopener\">Gott, segne unseren F\u00fchrer ! (Version 2)<\/a><\/li><\/ul>\n\n\n\n<ul><li><a href=\"http:\/\/www.dorsten-unterm-hakenkreuz.de\/2012\/05\/28\/wir-grusen-euch-alle-als-die-sa-jesu-christi-und-die-ss-der-kirche-zitate-fuhrender-geistlicher-uber-adolf-hitler-und-den-nationalsozialismus\/\" target=\"_blank\" rel=\"noreferrer noopener\">Zitate f\u00fchrender Geistlicher \u00fcber Adolf Hitler und den Nationalsozialismus<\/a><\/li><\/ul>\n\n\n\n<ul><li><a href=\"https:\/\/www.gralsmacht.com\/wp-content\/uploads\/2007\/11\/Selbstberwirklichung_10.pdf\" target=\"_blank\" rel=\"noreferrer noopener\">Selbstverwirklichung oder: Was heute zu tun ist<\/a><\/li><\/ul>\n","protected":false},"excerpt":{"rendered":"<p>Gott segne den F\u00fchrer. Die Kirchen und das Dritte Reich. Eine Dokumentation von Bekenntnissen und Selbstzeugnissen Inhaltsverzeichnis Gott, segne unseren F\u00fchrer ! (Version 1) Gott, segne unseren F\u00fchrer ! (Version 2) Zitate f\u00fchrender Geistlicher \u00fcber Adolf Hitler und den Nationalsozialismus Selbstverwirklichung oder: Was heute zu tun ist<\/p>\n","protected":false},"author":2,"featured_media":888,"comment_status":"open","ping_status":"open","sticky":false,"template":"","format":"standard","meta":[],"categories":[4],"tags":[],"_links":{"self":[{"href":"https:\/\/www.wahrheitundrecht.info\/index.php?rest_route=\/wp\/v2\/posts\/745"}],"collection":[{"href":"https:\/\/www.wahrheitundrecht.info\/index.php?rest_route=\/wp\/v2\/posts"}],"about":[{"href":"https:\/\/www.wahrheitundrecht.info\/index.php?rest_route=\/wp\/v2\/types\/post"}],"author":[{"embeddable":true,"href":"https:\/\/www.wahrheitundrecht.info\/index.php?rest_route=\/wp\/v2\/users\/2"}],"replies":[{"embeddable":true,"href":"https:\/\/www.wahrheitundrecht.info\/index.php?rest_route=%2Fwp%2Fv2%2Fcomments&post=745"}],"version-history":[{"count":8,"href":"https:\/\/www.wahrheitundrecht.info\/index.php?rest_route=\/wp\/v2\/posts\/745\/revisions"}],"predecessor-version":[{"id":769,"href":"https:\/\/www.wahrheitundrecht.info\/index.php?rest_route=\/wp\/v2\/posts\/745\/revisions\/769"}],"wp:featuredmedia":[{"embeddable":true,"href":"https:\/\/www.wahrheitundrecht.info\/index.php?rest_route=\/wp\/v2\/media\/888"}],"wp:attachment":[{"href":"https:\/\/www.wahrheitundrecht.info\/index.php?rest_route=%2Fwp%2Fv2%2Fmedia&parent=745"}],"wp:term":[{"taxonomy":"category","embeddable":true,"href":"https:\/\/www.wahrheitundrecht.info\/index.php?rest_route=%2Fwp%2Fv2%2Fcategories&post=745"},{"taxonomy":"post_tag","embeddable":true,"href":"https:\/\/www.wahrheitundrecht.info\/index.php?rest_route=%2Fwp%2Fv2%2Ftags&post=745"}],"curies":[{"name":"wp","href":"https:\/\/api.w.org\/{rel}","templated":true}]}}