{"id":655,"date":"2022-06-17T21:50:29","date_gmt":"2022-06-17T21:50:29","guid":{"rendered":"https:\/\/www.wahrheitundrecht.info\/?p=655"},"modified":"2022-09-20T08:54:35","modified_gmt":"2022-09-20T08:54:35","slug":"potsdamer-abkommen-und-warschauer-beschluesse","status":"publish","type":"post","link":"https:\/\/www.wahrheitundrecht.info\/?p=655","title":{"rendered":"Potsdamer Abkommen und Warschauer Beschl\u00fcsse"},"content":{"rendered":"\n<figure class=\"wp-block-image size-full\"><img loading=\"lazy\" width=\"452\" height=\"640\" src=\"https:\/\/www.wahrheitundrecht.info\/wp-content\/uploads\/2022\/02\/k-Potsdamer-Abkommen.jpg\" alt=\"\" class=\"wp-image-659\" srcset=\"https:\/\/www.wahrheitundrecht.info\/wp-content\/uploads\/2022\/02\/k-Potsdamer-Abkommen.jpg 452w, https:\/\/www.wahrheitundrecht.info\/wp-content\/uploads\/2022\/02\/k-Potsdamer-Abkommen-212x300.jpg 212w\" sizes=\"(max-width: 452px) 100vw, 452px\" \/><figcaption><br><br><br><a href=\"https:\/\/www.wahrheitundrecht.info\/wp-content\/uploads\/2022\/02\/Potsdamer-Abkommen-und-Warschauer-Beschluesse-1.pdf\" target=\"_blank\" rel=\"noreferrer noopener\">Potsdamer Abkommen und Warschauer Beschl\u00fcsse<\/a><\/figcaption><\/figure>\n\n\n\n<figure class=\"wp-block-image size-full\"><img loading=\"lazy\" width=\"451\" height=\"640\" src=\"https:\/\/www.wahrheitundrecht.info\/wp-content\/uploads\/2022\/02\/k-Potsdamer-Abkommen-WB.jpg\" alt=\"\" class=\"wp-image-660\" srcset=\"https:\/\/www.wahrheitundrecht.info\/wp-content\/uploads\/2022\/02\/k-Potsdamer-Abkommen-WB.jpg 451w, https:\/\/www.wahrheitundrecht.info\/wp-content\/uploads\/2022\/02\/k-Potsdamer-Abkommen-WB-211x300.jpg 211w\" sizes=\"(max-width: 451px) 100vw, 451px\" \/><figcaption><br><a href=\"https:\/\/www.wahrheitundrecht.info\/wp-content\/uploads\/2022\/02\/Potsdamer-Abkommen-und-Warschauer-Beschluesse-1.pdf#page=2\" target=\"_blank\" rel=\"noreferrer noopener\">Das Potsdamer Abkommen (Mitteilung \u00fcber die Dreim\u00e4chtekonferenz von Berlin vom 2. August 1945)<\/a><\/figcaption><\/figure>\n\n\n\n<p><a rel=\"noreferrer noopener\" href=\"https:\/\/www.wahrheitundrecht.info\/wp-content\/uploads\/2022\/02\/Potsdamer-Abkommen-und-Warschauer-Beschluesse-1.pdf#page=2\" target=\"_blank\">Die Warschauer Beschl\u00fcsse<br>Erkl\u00e4rung der Au\u00dfenminister der UdSSR, Albaniens, Bulgariens, der Tschechoslowakei, Jugoslawiens, Polens, Rum\u00e4niens und Ungarns anl\u00e4\u00dflich der Beschl\u00fcsse der Londoner Beratungen \u00fcber Deutschland, angenommen am 24. Juni 1948 auf der Konferenz in Warschau<\/a><\/p>\n\n\n\n<ul><li><a href=\"https:\/\/www.deutsche-digitale-bibliothek.de\/item\/2VPBM5LK4V2EI4DFDCPGELFPQZRADF27\" target=\"_blank\" rel=\"noreferrer noopener\">Das Potsdamer Abkommen : (Mitteilg \u00fcber d. Dreim\u00e4chtekonferenz v. Berlin vom 2. Aug. 1945) ; Die Warschauer Beschl\u00fcsse ; Erkl\u00e4rg d. Au\u00dfenminister d. UdSSR&#8230; anl\u00e4\u00dfl. d. Beschl\u00fcsse d. Londoner Beratgn \u00fcber. Deutschland, angenommen am 24. Juni 1948 auf d. Konferenz in Warschau<\/a><\/li><\/ul>\n\n\n\n<ul><li><a href=\"http:\/\/www.documentarchiv.de\/in\/1945\/potsdamer-abkommen.html\" target=\"_blank\" rel=\"noreferrer noopener\">Mitteilung \u00fcber die Dreim\u00e4chtekonferenz von Berlin [(&#8222;Potsdamer Abkommen&#8220; vom 2. August 1945]<\/a><\/li><\/ul>\n\n\n\n<ul><li><a href=\"https:\/\/www.1000dokumente.de\/index.html?c=dokument_de&amp;dokument=0011_pot\" target=\"_blank\" rel=\"noreferrer noopener\">Mitteilung \u00fcber die Dreim\u00e4chtekonferenz von Berlin [Konferenz von Potsdam], 2. August 1945<\/a><\/li><\/ul>\n\n\n\n<ul><li><a href=\"https:\/\/potsdamer-konferenz.de\/dokumente\/potsdamer-protokoll\" target=\"_blank\" rel=\"noreferrer noopener\">Potsdamer Protokoll &#8211; VIII. Mitteilung \u00fcber die Dreim\u00e4chtekonferenz von Berlin<\/a><\/li><\/ul>\n\n\n\n<ul><li><a href=\"http:\/\/www.rechtprogressiv.de\/das-potsdamer-abkommen-oder-der-versuch-deutschland-mit-dem-volkerrecht-wieder-aufzubauen\/\" target=\"_blank\" rel=\"noreferrer noopener\">Das Potsdamer Abkommen oder der Versuch, Deutschland mit dem V\u00f6lkerrecht wieder aufzubauen.<\/a><\/li><\/ul>\n","protected":false},"excerpt":{"rendered":"<p>Die Warschauer Beschl\u00fcsseErkl\u00e4rung der Au\u00dfenminister der UdSSR, Albaniens, Bulgariens, der Tschechoslowakei, Jugoslawiens, Polens, Rum\u00e4niens und Ungarns anl\u00e4\u00dflich der Beschl\u00fcsse der Londoner Beratungen \u00fcber Deutschland, angenommen am 24. Juni 1948 auf der Konferenz in Warschau Das Potsdamer Abkommen : (Mitteilg \u00fcber d. Dreim\u00e4chtekonferenz v. Berlin vom 2. Aug. 1945) ; Die Warschauer Beschl\u00fcsse ; Erkl\u00e4rg d. [&hellip;]<\/p>\n","protected":false},"author":2,"featured_media":892,"comment_status":"open","ping_status":"open","sticky":false,"template":"","format":"standard","meta":[],"categories":[4],"tags":[],"_links":{"self":[{"href":"https:\/\/www.wahrheitundrecht.info\/index.php?rest_route=\/wp\/v2\/posts\/655"}],"collection":[{"href":"https:\/\/www.wahrheitundrecht.info\/index.php?rest_route=\/wp\/v2\/posts"}],"about":[{"href":"https:\/\/www.wahrheitundrecht.info\/index.php?rest_route=\/wp\/v2\/types\/post"}],"author":[{"embeddable":true,"href":"https:\/\/www.wahrheitundrecht.info\/index.php?rest_route=\/wp\/v2\/users\/2"}],"replies":[{"embeddable":true,"href":"https:\/\/www.wahrheitundrecht.info\/index.php?rest_route=%2Fwp%2Fv2%2Fcomments&post=655"}],"version-history":[{"count":10,"href":"https:\/\/www.wahrheitundrecht.info\/index.php?rest_route=\/wp\/v2\/posts\/655\/revisions"}],"predecessor-version":[{"id":669,"href":"https:\/\/www.wahrheitundrecht.info\/index.php?rest_route=\/wp\/v2\/posts\/655\/revisions\/669"}],"wp:featuredmedia":[{"embeddable":true,"href":"https:\/\/www.wahrheitundrecht.info\/index.php?rest_route=\/wp\/v2\/media\/892"}],"wp:attachment":[{"href":"https:\/\/www.wahrheitundrecht.info\/index.php?rest_route=%2Fwp%2Fv2%2Fmedia&parent=655"}],"wp:term":[{"taxonomy":"category","embeddable":true,"href":"https:\/\/www.wahrheitundrecht.info\/index.php?rest_route=%2Fwp%2Fv2%2Fcategories&post=655"},{"taxonomy":"post_tag","embeddable":true,"href":"https:\/\/www.wahrheitundrecht.info\/index.php?rest_route=%2Fwp%2Fv2%2Ftags&post=655"}],"curies":[{"name":"wp","href":"https:\/\/api.w.org\/{rel}","templated":true}]}}