{"id":632,"date":"2022-06-17T22:14:09","date_gmt":"2022-06-17T22:14:09","guid":{"rendered":"https:\/\/www.wahrheitundrecht.info\/?p=632"},"modified":"2022-09-20T08:54:07","modified_gmt":"2022-09-20T08:54:07","slug":"dokumente-zur-deutschlandpolitik","status":"publish","type":"post","link":"https:\/\/www.wahrheitundrecht.info\/?p=632","title":{"rendered":"Dokumente zur Deutschlandpolitik"},"content":{"rendered":"\n<figure class=\"wp-block-image size-full is-resized\"><img loading=\"lazy\" src=\"https:\/\/www.wahrheitundrecht.info\/wp-content\/uploads\/2022\/02\/k-Deutschlandpolitik43-45.jpg\" alt=\"\" class=\"wp-image-630\" width=\"451\" height=\"640\" srcset=\"https:\/\/www.wahrheitundrecht.info\/wp-content\/uploads\/2022\/02\/k-Deutschlandpolitik43-45.jpg 451w, https:\/\/www.wahrheitundrecht.info\/wp-content\/uploads\/2022\/02\/k-Deutschlandpolitik43-45-211x300.jpg 211w\" sizes=\"(max-width: 451px) 100vw, 451px\" \/><figcaption><br><br><br><br><a href=\"https:\/\/www.wahrheitundrecht.info\/wp-content\/uploads\/2022\/02\/Dokumente-zur-Deutschlandpolitik-43-45-1.pdf\" target=\"_blank\" rel=\"noreferrer noopener\">Dokumente zur Deutschlandpolitik &#8211; Europ\u00e4ische Beratende Kommission 15. Dezember 1943 bis 31. August 1945 Zweiter Halbband<\/a><\/figcaption><\/figure>\n\n\n\n<figure class=\"wp-block-image size-full\"><img loading=\"lazy\" width=\"452\" height=\"640\" src=\"https:\/\/www.wahrheitundrecht.info\/wp-content\/uploads\/2022\/02\/k-Deutschlandpolitik73-74.jpg\" alt=\"\" class=\"wp-image-631\" srcset=\"https:\/\/www.wahrheitundrecht.info\/wp-content\/uploads\/2022\/02\/k-Deutschlandpolitik73-74.jpg 452w, https:\/\/www.wahrheitundrecht.info\/wp-content\/uploads\/2022\/02\/k-Deutschlandpolitik73-74-212x300.jpg 212w\" sizes=\"(max-width: 452px) 100vw, 452px\" \/><figcaption><br><br><br><a href=\"https:\/\/www.wahrheitundrecht.info\/wp-content\/uploads\/2022\/02\/Dokumente-zur-Deutschlandpolitik-73-74-1.pdf\" target=\"_blank\" rel=\"noreferrer noopener\">Dokumente zur Deutschlandpolitik &#8211; Europ\u00e4ische Beratende Kommission 1. Januar 1973 bis 31. Dezember 1974<\/a><\/figcaption><\/figure>\n\n\n\n<ul><li><a href=\"https:\/\/www.bundesarchiv.de\/DE\/Content\/Artikel\/Ueber-uns\/Aus-unserer-Arbeit-Unterseiten\/dzd-banduebersicht.html\" target=\"_blank\" rel=\"noreferrer noopener\">\u00dcbersicht \u00fcber die B\u00e4nde der Edition &#8222;Dokumente zur Deutschlandpolitik&#8220;<\/a><\/li><\/ul>\n\n\n\n<ul><li><a href=\"https:\/\/www.faz.net\/aktuell\/feuilleton\/politik\/viel-mehr-als-erwartet-1119864.html\" target=\"_blank\" rel=\"noreferrer noopener\">Dokumente zur Deutschlandpolitik. Herausgegeben vom Bundesministerium des Innern und vom Bundesarchiv.<\/a><\/li><\/ul>\n","protected":false},"excerpt":{"rendered":"<p>\u00dcbersicht \u00fcber die B\u00e4nde der Edition &#8222;Dokumente zur Deutschlandpolitik&#8220; Dokumente zur Deutschlandpolitik. Herausgegeben vom Bundesministerium des Innern und vom Bundesarchiv.<\/p>\n","protected":false},"author":2,"featured_media":887,"comment_status":"open","ping_status":"open","sticky":false,"template":"","format":"standard","meta":[],"categories":[4],"tags":[],"_links":{"self":[{"href":"https:\/\/www.wahrheitundrecht.info\/index.php?rest_route=\/wp\/v2\/posts\/632"}],"collection":[{"href":"https:\/\/www.wahrheitundrecht.info\/index.php?rest_route=\/wp\/v2\/posts"}],"about":[{"href":"https:\/\/www.wahrheitundrecht.info\/index.php?rest_route=\/wp\/v2\/types\/post"}],"author":[{"embeddable":true,"href":"https:\/\/www.wahrheitundrecht.info\/index.php?rest_route=\/wp\/v2\/users\/2"}],"replies":[{"embeddable":true,"href":"https:\/\/www.wahrheitundrecht.info\/index.php?rest_route=%2Fwp%2Fv2%2Fcomments&post=632"}],"version-history":[{"count":5,"href":"https:\/\/www.wahrheitundrecht.info\/index.php?rest_route=\/wp\/v2\/posts\/632\/revisions"}],"predecessor-version":[{"id":638,"href":"https:\/\/www.wahrheitundrecht.info\/index.php?rest_route=\/wp\/v2\/posts\/632\/revisions\/638"}],"wp:featuredmedia":[{"embeddable":true,"href":"https:\/\/www.wahrheitundrecht.info\/index.php?rest_route=\/wp\/v2\/media\/887"}],"wp:attachment":[{"href":"https:\/\/www.wahrheitundrecht.info\/index.php?rest_route=%2Fwp%2Fv2%2Fmedia&parent=632"}],"wp:term":[{"taxonomy":"category","embeddable":true,"href":"https:\/\/www.wahrheitundrecht.info\/index.php?rest_route=%2Fwp%2Fv2%2Fcategories&post=632"},{"taxonomy":"post_tag","embeddable":true,"href":"https:\/\/www.wahrheitundrecht.info\/index.php?rest_route=%2Fwp%2Fv2%2Ftags&post=632"}],"curies":[{"name":"wp","href":"https:\/\/api.w.org\/{rel}","templated":true}]}}