{"id":500,"date":"2022-06-17T20:17:30","date_gmt":"2022-06-17T20:17:30","guid":{"rendered":"https:\/\/www.wahrheitundrecht.info\/?p=500"},"modified":"2022-09-20T08:54:39","modified_gmt":"2022-09-20T08:54:39","slug":"gesetze-im-deutschen-reich","status":"publish","type":"post","link":"https:\/\/www.wahrheitundrecht.info\/?p=500","title":{"rendered":"Gesetze im Deutschen Reich"},"content":{"rendered":"\n<figure class=\"wp-block-image size-full\"><img loading=\"lazy\" width=\"450\" height=\"640\" src=\"https:\/\/www.wahrheitundrecht.info\/wp-content\/uploads\/2022\/02\/k-Hoheitszeichen.jpg\" alt=\"\" class=\"wp-image-521\" srcset=\"https:\/\/www.wahrheitundrecht.info\/wp-content\/uploads\/2022\/02\/k-Hoheitszeichen.jpg 450w, https:\/\/www.wahrheitundrecht.info\/wp-content\/uploads\/2022\/02\/k-Hoheitszeichen-211x300.jpg 211w\" sizes=\"(max-width: 450px) 100vw, 450px\" \/><figcaption><br><br><br><a href=\"https:\/\/www.wahrheitundrecht.info\/wp-content\/uploads\/2022\/02\/Hoheitszeichen.pdf\" target=\"_blank\" rel=\"noreferrer noopener\">Das Deutsche Reich und seine Hoheitszeichen<\/a><\/figcaption><\/figure>\n\n\n\n<ul><li><a href=\"https:\/\/www.yumpu.com\/de\/document\/view\/22355327\/das-deutsche-reich-und-seine-hoheitszeichen-wemepesch\" target=\"_blank\" rel=\"noreferrer noopener\">Das Deutsche Reich und seine Hoheitszeichen<\/a><\/li><\/ul>\n\n\n\n<ul><li><a href=\"https:\/\/de.wikipedia.org\/wiki\/Hoheitszeichen\" target=\"_blank\" rel=\"noreferrer noopener\">Hoheitszeichen<\/a><\/li><\/ul>\n\n\n\n<ul><li><a href=\"https:\/\/www.flaggenlexikon.de\/fdtlhi3r.htm#Hoheitsabzeichen\" target=\"_blank\" rel=\"noreferrer noopener\">Das Hoheitsabzeichen des Deutschen Reiches<\/a><\/li><\/ul>\n\n\n\n<ul><li><a href=\"http:\/\/www.verfassungen.de\/de33-45\/reichsflagge35.htm\" target=\"_blank\" rel=\"noreferrer noopener\">Reichsflaggengesetz vom 15. September 1935<\/a><\/li><\/ul>\n\n\n\n<ul><li><a rel=\"noreferrer noopener\" href=\"https:\/\/de.wikipedia.org\/wiki\/Reichsadler\" target=\"_blank\">Reichsadler<\/a><\/li><\/ul>\n\n\n\n<figure class=\"wp-block-image size-full\"><img loading=\"lazy\" width=\"450\" height=\"640\" src=\"https:\/\/www.wahrheitundrecht.info\/wp-content\/uploads\/2022\/02\/k-Demokratie.jpg\" alt=\"\" class=\"wp-image-520\" srcset=\"https:\/\/www.wahrheitundrecht.info\/wp-content\/uploads\/2022\/02\/k-Demokratie.jpg 450w, https:\/\/www.wahrheitundrecht.info\/wp-content\/uploads\/2022\/02\/k-Demokratie-211x300.jpg 211w\" sizes=\"(max-width: 450px) 100vw, 450px\" \/><figcaption><br><br><br><a href=\"https:\/\/www.wahrheitundrecht.info\/wp-content\/uploads\/2022\/02\/DemokratieHitler.pdf\" target=\"_blank\" rel=\"noreferrer noopener\">5. M\u00e4rz 1933 Wahl zum Reichstag<\/a><\/figcaption><\/figure>\n\n\n\n<ul><li><a href=\"https:\/\/de.wikipedia.org\/wiki\/Reichstagswahl_M%C3%A4rz_1933\" target=\"_blank\" rel=\"noreferrer noopener\">Reichstagswahl M\u00e4rz 1933<\/a><\/li><\/ul>\n\n\n\n<figure class=\"wp-block-image size-full\"><img loading=\"lazy\" width=\"451\" height=\"640\" src=\"https:\/\/www.wahrheitundrecht.info\/wp-content\/uploads\/2022\/02\/k-Volksabstimmung.jpg\" alt=\"\" class=\"wp-image-525\" srcset=\"https:\/\/www.wahrheitundrecht.info\/wp-content\/uploads\/2022\/02\/k-Volksabstimmung.jpg 451w, https:\/\/www.wahrheitundrecht.info\/wp-content\/uploads\/2022\/02\/k-Volksabstimmung-211x300.jpg 211w\" sizes=\"(max-width: 451px) 100vw, 451px\" \/><figcaption><br><br><br><a href=\"https:\/\/www.wahrheitundrecht.info\/wp-content\/uploads\/2022\/02\/Volksabstimmung.pdf\" target=\"_blank\" rel=\"noreferrer noopener\">Gesetz \u00fcber Volksabstimmung vom 14.7.1933<\/a><\/figcaption><\/figure>\n\n\n\n<ul><li><a href=\"https:\/\/bildsuche.digitale-sammlungen.de\/index.html?c=viewer&amp;bandnummer=bsb00000009&amp;pimage=39&amp;v=100&amp;nav=&amp;l=de\" target=\"_blank\" rel=\"noreferrer noopener\">Gesetz \u00fcber Volksabstimmung Vom 14. Juli 1933 Reichsgesetzblatt I S.479 (38)<\/a><\/li><\/ul>\n\n\n\n<ul><li><a href=\"http:\/\/www.verfassungen.de\/de33-45\/volksabstimmung33.htm\" target=\"_blank\" rel=\"noreferrer noopener\">Gesetz \u00fcber Volksabstimmung vom 14. Juli 1933<\/a><\/li><\/ul>\n\n\n\n<ul><li><a rel=\"noreferrer noopener\" href=\"https:\/\/www.servat.unibe.ch\/dns\/rgbl_1933_i_479_g_vermoegenseinziehung.pdf\" target=\"_blank\">Reichsgesetzblatt Teil 1 Gesetz \u00fcber Volksabstimmung Vom 14. Juli 1933<\/a><\/li><\/ul>\n\n\n\n<figure class=\"wp-block-image size-full\"><img loading=\"lazy\" width=\"450\" height=\"640\" src=\"https:\/\/www.wahrheitundrecht.info\/wp-content\/uploads\/2022\/02\/k-Staatsnotwehr.jpg\" alt=\"\" class=\"wp-image-524\" srcset=\"https:\/\/www.wahrheitundrecht.info\/wp-content\/uploads\/2022\/02\/k-Staatsnotwehr.jpg 450w, https:\/\/www.wahrheitundrecht.info\/wp-content\/uploads\/2022\/02\/k-Staatsnotwehr-211x300.jpg 211w\" sizes=\"(max-width: 450px) 100vw, 450px\" \/><figcaption><br><br><br><a href=\"https:\/\/www.wahrheitundrecht.info\/wp-content\/uploads\/2022\/02\/Staatsnotwehr.pdf\" target=\"_blank\" rel=\"noreferrer noopener\">Gesetz \u00fcber Ma\u00dfnahmen der Staatsnotwehr vom 3.7.1934<\/a><\/figcaption><\/figure>\n\n\n\n<ul><li><a href=\"http:\/\/www.documentarchiv.de\/ns\/stnotw.html\" target=\"_blank\" rel=\"noreferrer noopener\">Gesetz \u00fcber die Ma\u00dfnahmen der Staatsnotwehr Vom 3. Juli 1934<\/a><\/li><\/ul>\n\n\n\n<ul><li><a href=\"http:\/\/www.verfassungen.de\/de33-45\/staatsnotwehr34.htm\" target=\"_blank\" rel=\"noreferrer noopener\">Gesetz \u00fcber Ma\u00dfnahmen der Staatsnotwehr vom 3. Juli 1934<\/a><\/li><\/ul>\n\n\n\n<ul><li><a href=\"https:\/\/www.servat.unibe.ch\/dns\/rgbl_1934_i_529_g_staatsnotwehr.pdf\" target=\"_blank\" rel=\"noreferrer noopener\">Reichsgesetzblatt Teil 1 Gesetz \u00fcber die Ma\u00dfnahmen der Staatsnotwehr Vom 3. Juli 1934<\/a><\/li><\/ul>\n\n\n\n<figure class=\"wp-block-image size-full\"><img loading=\"lazy\" width=\"450\" height=\"640\" src=\"https:\/\/www.wahrheitundrecht.info\/wp-content\/uploads\/2022\/02\/k-Staatsnotstand.jpg\" alt=\"\" class=\"wp-image-523\" srcset=\"https:\/\/www.wahrheitundrecht.info\/wp-content\/uploads\/2022\/02\/k-Staatsnotstand.jpg 450w, https:\/\/www.wahrheitundrecht.info\/wp-content\/uploads\/2022\/02\/k-Staatsnotstand-211x300.jpg 211w\" sizes=\"(max-width: 450px) 100vw, 450px\" \/><figcaption><br><br><br><a href=\"https:\/\/www.wahrheitundrecht.info\/wp-content\/uploads\/2022\/02\/Staatsnotstand.pdf\" target=\"_blank\" rel=\"noreferrer noopener\">Staatsnotstand\/Staatsnotwehr\/Staatsr\u00e4son<\/a><\/figcaption><\/figure>\n\n\n\n<ul><li><a href=\"https:\/\/lbib.de\/Rechtswoerterbuch-17-Auflage-4786\" target=\"_blank\" rel=\"noreferrer noopener\">Staatsnotstand\/Staatsnotwehr\/Staatsr\u00e4son  Creifelds Rechtsw\u00f6rterbuch 17. Auflage Seite 1273<\/a><\/li><\/ul>\n\n\n\n<ul><li><a href=\"https:\/\/www.bpb.de\/nachschlagen\/lexika\/politiklexikon\/18274\/staatsnotstand\" target=\"_blank\" rel=\"noreferrer noopener\">Staatsnotstand<\/a><\/li><\/ul>\n\n\n\n<ul><li><a href=\"https:\/\/strafrecht-online.org\/problemfelder\/at\/rw\/notwehr\/staatsnotwehr\/\" target=\"_blank\" rel=\"noreferrer noopener\">Staatsnotwehr<\/a><\/li><\/ul>\n\n\n\n<ul><li><a href=\"https:\/\/de.wikipedia.org\/wiki\/Staatsr%C3%A4son\" target=\"_blank\" rel=\"noreferrer noopener\">Staatsr\u00e4son<\/a><\/li><\/ul>\n\n\n\n<figure class=\"wp-block-image size-full\"><img src=\"https:\/\/www.wahrheitundrecht.info\/wp-content\/uploads\/2022\/02\/k-Reisepass.jpg\" alt=\"\" class=\"wp-image-522\"\/><figcaption><br><br><br><a href=\"https:\/\/www.wahrheitundrecht.info\/wp-content\/uploads\/2022\/02\/Reisepass.pdf\" target=\"_blank\" rel=\"noreferrer noopener\">Vergleich Reisepa\u00df Deutsches Reich und &#8222;BRD&#8220;<\/a><\/figcaption><\/figure>\n\n\n\n<ul><li><a href=\"https:\/\/newstopaktuell.wordpress.com\/2017\/03\/09\/verlangen-sie-was-ihnen-zusteht-reisepass-deutsches-reich\/comment-page-1\/\" target=\"_blank\" rel=\"noreferrer noopener\">Verlangen Sie, was Ihnen zusteht: Reisepass Deutsches Reich<\/a><\/li><\/ul>\n\n\n\n<ul><li><a href=\"https:\/\/www.buchfreund.de\/de\/d\/p\/104758622\/reisepass-deutsches-reich-1\" target=\"_blank\" rel=\"noreferrer noopener\">Reisepass Deutsches Reich (1)<\/a><\/li><\/ul>\n\n\n\n<ul><li><a href=\"https:\/\/de.wikipedia.org\/wiki\/Reisepass\" target=\"_blank\" rel=\"noreferrer noopener\">Reisepass<\/a><\/li><\/ul>\n\n\n\n<ul><li><a href=\"https:\/\/verschwiegenegeschichtedrittesreich.wordpress.com\/2017\/01\/15\/die-angebliche-nazi-staatsangehoerigkeit-deutsch\/\" target=\"_blank\" rel=\"noreferrer noopener\">\u201eDie angebliche \u201cNazi\u201c-Staatsangeh\u00f6rigkeit \u00b4Deutsch\u00b4\u201c<\/a><\/li><\/ul>\n\n\n\n<figure class=\"wp-block-image size-full\"><img loading=\"lazy\" width=\"452\" height=\"640\" src=\"https:\/\/www.wahrheitundrecht.info\/wp-content\/uploads\/2022\/02\/k-BGB-13.jpg\" alt=\"\" class=\"wp-image-622\" srcset=\"https:\/\/www.wahrheitundrecht.info\/wp-content\/uploads\/2022\/02\/k-BGB-13.jpg 452w, https:\/\/www.wahrheitundrecht.info\/wp-content\/uploads\/2022\/02\/k-BGB-13-212x300.jpg 212w\" sizes=\"(max-width: 452px) 100vw, 452px\" \/><figcaption><a href=\"https:\/\/www.wahrheitundrecht.info\/wp-content\/uploads\/2022\/02\/BGB-\u00a713-1.pdf\" target=\"_blank\" rel=\"noreferrer noopener\">Allgemeiner Teil des BGB &#8211; \u00a7 13 Die Form des Rechtsgesch\u00e4fts<\/a><\/figcaption><\/figure>\n\n\n\n<figure class=\"wp-block-image size-full\"><img loading=\"lazy\" width=\"450\" height=\"640\" src=\"https:\/\/www.wahrheitundrecht.info\/wp-content\/uploads\/2022\/02\/k-BGB-Auslegung.jpg\" alt=\"\" class=\"wp-image-623\" srcset=\"https:\/\/www.wahrheitundrecht.info\/wp-content\/uploads\/2022\/02\/k-BGB-Auslegung.jpg 450w, https:\/\/www.wahrheitundrecht.info\/wp-content\/uploads\/2022\/02\/k-BGB-Auslegung-211x300.jpg 211w\" sizes=\"(max-width: 450px) 100vw, 450px\" \/><figcaption><a href=\"https:\/\/www.wahrheitundrecht.info\/wp-content\/uploads\/2022\/02\/BGB-Auslegung.pdf\" target=\"_blank\" rel=\"noreferrer noopener\">Allgemeiner Teil des BGB &#8211; \u00a7 13 Die Form des Rechtsgesch\u00e4fts &#8211; Normative Auslegung<\/a><\/figcaption><\/figure>\n","protected":false},"excerpt":{"rendered":"<p>Das Deutsche Reich und seine Hoheitszeichen Hoheitszeichen Das Hoheitsabzeichen des Deutschen Reiches Reichsflaggengesetz vom 15. September 1935 Reichsadler Reichstagswahl M\u00e4rz 1933 Gesetz \u00fcber Volksabstimmung Vom 14. Juli 1933 Reichsgesetzblatt I S.479 (38) Gesetz \u00fcber Volksabstimmung vom 14. Juli 1933 Reichsgesetzblatt Teil 1 Gesetz \u00fcber Volksabstimmung Vom 14. Juli 1933 Gesetz \u00fcber die Ma\u00dfnahmen der Staatsnotwehr [&hellip;]<\/p>\n","protected":false},"author":2,"featured_media":893,"comment_status":"open","ping_status":"open","sticky":false,"template":"","format":"standard","meta":[],"categories":[4],"tags":[],"_links":{"self":[{"href":"https:\/\/www.wahrheitundrecht.info\/index.php?rest_route=\/wp\/v2\/posts\/500"}],"collection":[{"href":"https:\/\/www.wahrheitundrecht.info\/index.php?rest_route=\/wp\/v2\/posts"}],"about":[{"href":"https:\/\/www.wahrheitundrecht.info\/index.php?rest_route=\/wp\/v2\/types\/post"}],"author":[{"embeddable":true,"href":"https:\/\/www.wahrheitundrecht.info\/index.php?rest_route=\/wp\/v2\/users\/2"}],"replies":[{"embeddable":true,"href":"https:\/\/www.wahrheitundrecht.info\/index.php?rest_route=%2Fwp%2Fv2%2Fcomments&post=500"}],"version-history":[{"count":32,"href":"https:\/\/www.wahrheitundrecht.info\/index.php?rest_route=\/wp\/v2\/posts\/500\/revisions"}],"predecessor-version":[{"id":771,"href":"https:\/\/www.wahrheitundrecht.info\/index.php?rest_route=\/wp\/v2\/posts\/500\/revisions\/771"}],"wp:featuredmedia":[{"embeddable":true,"href":"https:\/\/www.wahrheitundrecht.info\/index.php?rest_route=\/wp\/v2\/media\/893"}],"wp:attachment":[{"href":"https:\/\/www.wahrheitundrecht.info\/index.php?rest_route=%2Fwp%2Fv2%2Fmedia&parent=500"}],"wp:term":[{"taxonomy":"category","embeddable":true,"href":"https:\/\/www.wahrheitundrecht.info\/index.php?rest_route=%2Fwp%2Fv2%2Fcategories&post=500"},{"taxonomy":"post_tag","embeddable":true,"href":"https:\/\/www.wahrheitundrecht.info\/index.php?rest_route=%2Fwp%2Fv2%2Ftags&post=500"}],"curies":[{"name":"wp","href":"https:\/\/api.w.org\/{rel}","templated":true}]}}