{"id":444,"date":"2022-06-17T22:07:13","date_gmt":"2022-06-17T22:07:13","guid":{"rendered":"https:\/\/www.wahrheitundrecht.info\/?p=444"},"modified":"2022-09-20T08:54:19","modified_gmt":"2022-09-20T08:54:19","slug":"militaerische-kapitulation","status":"publish","type":"post","link":"https:\/\/www.wahrheitundrecht.info\/?p=444","title":{"rendered":"Milit\u00e4rische Kapitulation"},"content":{"rendered":"\n<ul><li><a href=\"https:\/\/www.bpb.de\/mediathek\/309496\/08-05-1945-die-bedingungslose-kapitulation-der-deutschen-wehrmacht\" target=\"_blank\" rel=\"noreferrer noopener\">08.05.1945: Die bedingungslose Kapitulation der deutschen Wehrmacht<\/a><\/li><\/ul>\n\n\n\n<ul><li><a href=\"https:\/\/www.dhm.de\/lemo\/kapitel\/der-zweite-weltkrieg\/kriegsverlauf\/kriegsende-1945.html\" target=\"_blank\" rel=\"noreferrer noopener\">Das Kriegsende 1945<\/a><\/li><\/ul>\n\n\n\n<ul><li><a href=\"https:\/\/www.bundesarchiv.de\/DE\/Content\/Virtuelle-Ausstellungen\/Die-Deutsche-Kapitulation-1945\/die-deutsche-kapitulation-1945.html\" target=\"_blank\" rel=\"noreferrer noopener\">Die deutsche Kapitulation 1945<\/a><\/li><\/ul>\n\n\n\n<ul><li><a href=\"https:\/\/de.wikipedia.org\/wiki\/Bedingungslose_Kapitulation_der_Wehrmacht\" target=\"_blank\" rel=\"noreferrer noopener\">Bedingungslose Kapitulation der Wehrmacht<\/a><\/li><\/ul>\n\n\n\n<ul><li><a href=\"http:\/\/documentarchiv.de\/ns\/1945\/kapitulation.html\" target=\"_blank\" rel=\"noreferrer noopener\">Milit\u00e4rische Kapitulationsurkunde [vom 8. Mai 1945]<\/a><\/li><\/ul>\n\n\n\n<ul><li><a href=\"https:\/\/www.cvce.eu\/de\/obj\/militarische_kapitulationsurkunde_berlin_8_mai_1945-de-18df7c4b-a717-48bf-9a0b-1235fe7adfb3.html\" target=\"_blank\" rel=\"noreferrer noopener\">Milit\u00e4rische Kapitulationsurkunde (Berlin, 8. Mai 1945)<\/a><\/li><\/ul>\n\n\n\n<ul><li><a href=\"http:\/\/bgd1.com\/2007_2008\/zdr_1919-1949_20071231b.html\" target=\"_blank\" rel=\"noreferrer noopener\">Milit\u00e4rische Kapitulationsurkunde vom 8. Mai 1945<\/a><\/li><\/ul>\n\n\n\n<ul><li><a href=\"https:\/\/potsdamer-konferenz.de\/dokumente\/kapitulation\" target=\"_blank\" rel=\"noreferrer noopener\">8. Mai 1945 III. Milit\u00e4rische Kapitulationsurkunde<\/a><\/li><\/ul>\n\n\n\n<figure class=\"wp-block-image size-full\"><img loading=\"lazy\" width=\"450\" height=\"640\" src=\"https:\/\/www.wahrheitundrecht.info\/wp-content\/uploads\/2022\/01\/k-Kapitulation.jpg\" alt=\"\" class=\"wp-image-463\" srcset=\"https:\/\/www.wahrheitundrecht.info\/wp-content\/uploads\/2022\/01\/k-Kapitulation.jpg 450w, https:\/\/www.wahrheitundrecht.info\/wp-content\/uploads\/2022\/01\/k-Kapitulation-211x300.jpg 211w\" sizes=\"(max-width: 450px) 100vw, 450px\" \/><figcaption><br><br><br><br><a href=\"https:\/\/www.wahrheitundrecht.info\/wp-content\/uploads\/2022\/01\/Kapitulation-1.pdf\" target=\"_blank\" rel=\"noreferrer noopener\">Die bedingungslose Kapitulation der Wehrmacht des Deutschen Reiches 1945<\/a><\/figcaption><\/figure>\n\n\n\n<figure class=\"wp-block-image size-full\"><img loading=\"lazy\" width=\"450\" height=\"640\" src=\"https:\/\/www.wahrheitundrecht.info\/wp-content\/uploads\/2022\/01\/k-MKU-Abschrift.jpg\" alt=\"\" class=\"wp-image-464\" srcset=\"https:\/\/www.wahrheitundrecht.info\/wp-content\/uploads\/2022\/01\/k-MKU-Abschrift.jpg 450w, https:\/\/www.wahrheitundrecht.info\/wp-content\/uploads\/2022\/01\/k-MKU-Abschrift-211x300.jpg 211w\" sizes=\"(max-width: 450px) 100vw, 450px\" \/><figcaption><a href=\"https:\/\/www.wahrheitundrecht.info\/wp-content\/uploads\/2022\/01\/MKU-Abschrift-1.pdf\" target=\"_blank\" rel=\"noreferrer noopener\">Milit\u00e4rische Kapitulationsurkunde (Berlin 8. Mai 1945)<\/a><\/figcaption><\/figure>\n\n\n\n<figure class=\"wp-block-image size-full\"><img loading=\"lazy\" width=\"450\" height=\"640\" src=\"https:\/\/www.wahrheitundrecht.info\/wp-content\/uploads\/2022\/01\/k-MKU-Unterschriften.jpg\" alt=\"\" class=\"wp-image-465\" srcset=\"https:\/\/www.wahrheitundrecht.info\/wp-content\/uploads\/2022\/01\/k-MKU-Unterschriften.jpg 450w, https:\/\/www.wahrheitundrecht.info\/wp-content\/uploads\/2022\/01\/k-MKU-Unterschriften-211x300.jpg 211w\" sizes=\"(max-width: 450px) 100vw, 450px\" \/><figcaption><a href=\"https:\/\/www.wahrheitundrecht.info\/wp-content\/uploads\/2022\/01\/MKU-Unterschriften-1.pdf\" target=\"_blank\" rel=\"noreferrer noopener\">Unterschriften der Berliner Kapitulationsurkunde vom 8. Mai 1945<\/a><\/figcaption><\/figure>\n\n\n\n<figure class=\"wp-block-image size-full\"><img loading=\"lazy\" width=\"450\" height=\"640\" src=\"https:\/\/www.wahrheitundrecht.info\/wp-content\/uploads\/2022\/02\/k-Ostgrenze.jpg\" alt=\"\" class=\"wp-image-512\" srcset=\"https:\/\/www.wahrheitundrecht.info\/wp-content\/uploads\/2022\/02\/k-Ostgrenze.jpg 450w, https:\/\/www.wahrheitundrecht.info\/wp-content\/uploads\/2022\/02\/k-Ostgrenze-211x300.jpg 211w\" sizes=\"(max-width: 450px) 100vw, 450px\" \/><figcaption><br><br><br><a href=\"https:\/\/www.wahrheitundrecht.info\/wp-content\/uploads\/2022\/02\/Ostgrenze.pdf\" target=\"_blank\" rel=\"noreferrer noopener\">Die Frage der Zust\u00e4ndigkeit der gro\u00dfen M\u00e4chte zur Festlegung einer neuen deutschen Ostgrenze<\/a><\/figcaption><\/figure>\n\n\n\n<ul><li><a href=\"http:\/\/www.gross-wartenberg.de\/heimatblatt\/hb196511.pdf\" target=\"_blank\" rel=\"noreferrer noopener\">Der Inhalt gliedert sich in einen materiell-rechtlichen Teil mit den Untertiteln: 1. Die Frage der Zust\u00e4ndigkeit gro\u00dfen M\u00e4chte zur Festlegung einer neuen deutschen Otsgrenze<\/a><\/li><\/ul>\n\n\n\n<figure class=\"wp-block-image size-full\"><img loading=\"lazy\" width=\"450\" height=\"640\" src=\"https:\/\/www.wahrheitundrecht.info\/wp-content\/uploads\/2022\/02\/k-Bedingungslose-Kapitulation.jpg\" alt=\"\" class=\"wp-image-616\" srcset=\"https:\/\/www.wahrheitundrecht.info\/wp-content\/uploads\/2022\/02\/k-Bedingungslose-Kapitulation.jpg 450w, https:\/\/www.wahrheitundrecht.info\/wp-content\/uploads\/2022\/02\/k-Bedingungslose-Kapitulation-211x300.jpg 211w\" sizes=\"(max-width: 450px) 100vw, 450px\" \/><figcaption><br><br><a href=\"https:\/\/www.wahrheitundrecht.info\/wp-content\/uploads\/2022\/02\/Bedingungslose-Kapitulation-1.pdf\" target=\"_blank\" rel=\"noreferrer noopener\">Was Kapitulation bedeutet<\/a><\/figcaption><\/figure>\n\n\n\n<figure class=\"wp-block-image size-full\"><img loading=\"lazy\" width=\"640\" height=\"451\" src=\"https:\/\/www.wahrheitundrecht.info\/wp-content\/uploads\/2022\/02\/k-Status-Ostgebiete.jpg\" alt=\"\" class=\"wp-image-678\" srcset=\"https:\/\/www.wahrheitundrecht.info\/wp-content\/uploads\/2022\/02\/k-Status-Ostgebiete.jpg 640w, https:\/\/www.wahrheitundrecht.info\/wp-content\/uploads\/2022\/02\/k-Status-Ostgebiete-300x211.jpg 300w\" sizes=\"(max-width: 640px) 100vw, 640px\" \/><figcaption><br><br><br>Herbert Kraus<br><a href=\"https:\/\/www.wahrheitundrecht.info\/wp-content\/uploads\/2022\/02\/Status-der-Ostgebiete-1.pdf\" target=\"_blank\" rel=\"noreferrer noopener\">Der v\u00f6lkerrechtliche Status der deutschen Ostgebiete<br>innerhalb der Reichsgrenzen nach dem Stande vom 31. Dezember 1937<\/a><\/figcaption><\/figure>\n\n\n\n<figure class=\"wp-block-image size-full\"><img loading=\"lazy\" width=\"450\" height=\"640\" src=\"https:\/\/www.wahrheitundrecht.info\/wp-content\/uploads\/2022\/02\/k-Status-OG-BMK.jpg\" alt=\"\" class=\"wp-image-674\" srcset=\"https:\/\/www.wahrheitundrecht.info\/wp-content\/uploads\/2022\/02\/k-Status-OG-BMK.jpg 450w, https:\/\/www.wahrheitundrecht.info\/wp-content\/uploads\/2022\/02\/k-Status-OG-BMK-211x300.jpg 211w\" sizes=\"(max-width: 450px) 100vw, 450px\" \/><figcaption><br><br><br><a rel=\"noreferrer noopener\" href=\"https:\/\/www.wahrheitundrecht.info\/wp-content\/uploads\/2022\/02\/Status-der-Ostgebiete-1.pdf#page=2\" target=\"_blank\">Die Frage der Zust\u00e4ndigkeit der gro\u00dfen M\u00e4chte zur Festlegung einer neuen deutschen Ostgrenze  &#8211; Die Waffenstreckung der <\/a><a rel=\"noreferrer noopener\" href=\"https:\/\/www.wahrheitundrecht.info\/wp-content\/uploads\/2022\/02\/Status-der-Ostgebiete-1.pdf#page=2\" target=\"_blank\">d<\/a><a rel=\"noreferrer noopener\" href=\"https:\/\/www.wahrheitundrecht.info\/wp-content\/uploads\/2022\/02\/Status-der-Ostgebiete-1.pdf#page=2\" target=\"_blank\">e<\/a><a rel=\"noreferrer noopener\" href=\"https:\/\/www.wahrheitundrecht.info\/wp-content\/uploads\/2022\/02\/Status-der-Ostgebiete-1.pdf#page=2\" target=\"_blank\">u<\/a><a rel=\"noreferrer noopener\" href=\"https:\/\/www.wahrheitundrecht.info\/wp-content\/uploads\/2022\/02\/Status-der-Ostgebiete-1.pdf#page=2\" target=\"_blank\">t<\/a><a rel=\"noreferrer noopener\" href=\"https:\/\/www.wahrheitundrecht.info\/wp-content\/uploads\/2022\/02\/Status-der-Ostgebiete-1.pdf#page=2\" target=\"_blank\">s<\/a><a rel=\"noreferrer noopener\" href=\"https:\/\/www.wahrheitundrecht.info\/wp-content\/uploads\/2022\/02\/Status-der-Ostgebiete-1.pdf#page=2\" target=\"_blank\">c<\/a><a rel=\"noreferrer noopener\" href=\"https:\/\/www.wahrheitundrecht.info\/wp-content\/uploads\/2022\/02\/Status-der-Ostgebiete-1.pdf#page=2\" target=\"_blank\">h<\/a><a rel=\"noreferrer noopener\" href=\"https:\/\/www.wahrheitundrecht.info\/wp-content\/uploads\/2022\/02\/Status-der-Ostgebiete-1.pdf#page=2\" target=\"_blank\">e<\/a><a rel=\"noreferrer noopener\" href=\"https:\/\/www.wahrheitundrecht.info\/wp-content\/uploads\/2022\/02\/Status-der-Ostgebiete-1.pdf#page=2\" target=\"_blank\">n<\/a><a href=\"https:\/\/www.wahrheitundrecht.info\/wp-content\/uploads\/2022\/02\/Status-der-Ostgebiete-1.pdf#page=2\" target=\"_blank\" rel=\"noreferrer noopener\"> <\/a><a rel=\"noreferrer noopener\" href=\"https:\/\/www.wahrheitundrecht.info\/wp-content\/uploads\/2022\/02\/Status-der-Ostgebiete-1.pdf#page=2\" target=\"_blank\">Wehrmacht (Bedingungslose Milit\u00e4rische Kapitulation)<\/a><\/figcaption><\/figure>\n\n\n\n<figure class=\"wp-block-image size-full\"><img loading=\"lazy\" width=\"450\" height=\"640\" src=\"https:\/\/www.wahrheitundrecht.info\/wp-content\/uploads\/2022\/02\/k-Status-OG-OKW.jpg\" alt=\"\" class=\"wp-image-677\" srcset=\"https:\/\/www.wahrheitundrecht.info\/wp-content\/uploads\/2022\/02\/k-Status-OG-OKW.jpg 450w, https:\/\/www.wahrheitundrecht.info\/wp-content\/uploads\/2022\/02\/k-Status-OG-OKW-211x300.jpg 211w\" sizes=\"(max-width: 450px) 100vw, 450px\" \/><figcaption><br><br><a href=\"https:\/\/www.wahrheitundrecht.info\/wp-content\/uploads\/2022\/02\/Status-der-Ostgebiete-1.pdf#page=4\" target=\"_blank\" rel=\"noreferrer noopener\">&#8222;Nach der \u00fcberwiegenden Meinung handelt es sich hierbei um eine einseitige Willenserkl\u00e4rung des OKW und nicht um einen Vertrag.&#8220;<\/a><\/figcaption><\/figure>\n\n\n\n<figure class=\"wp-block-image size-full\"><img loading=\"lazy\" width=\"450\" height=\"640\" src=\"https:\/\/www.wahrheitundrecht.info\/wp-content\/uploads\/2022\/02\/k-Status-OG-Kapitulation.jpg\" alt=\"\" class=\"wp-image-675\" srcset=\"https:\/\/www.wahrheitundrecht.info\/wp-content\/uploads\/2022\/02\/k-Status-OG-Kapitulation.jpg 450w, https:\/\/www.wahrheitundrecht.info\/wp-content\/uploads\/2022\/02\/k-Status-OG-Kapitulation-211x300.jpg 211w\" sizes=\"(max-width: 450px) 100vw, 450px\" \/><figcaption><br><br><br><a href=\"https:\/\/www.wahrheitundrecht.info\/wp-content\/uploads\/2022\/02\/Status-der-Ostgebiete-1.pdf#page=5\" target=\"_blank\" rel=\"noreferrer noopener\">&#8222;All dies beweist, da\u00df die deutsche Kapitulation ein ausschlie\u00dflich milit\u00e4rischer Vorgang war, aus dem keine Zust\u00e4ndigkeit der gro\u00dfen M\u00e4chte zur Feststellung neuer deutscher Ostgrenzen abgeleitet werden darf.&#8220;<\/a><\/figcaption><\/figure>\n\n\n\n<figure class=\"wp-block-image size-full\"><img loading=\"lazy\" width=\"451\" height=\"640\" src=\"https:\/\/www.wahrheitundrecht.info\/wp-content\/uploads\/2022\/02\/k-Status-OG-Okkupation.jpg\" alt=\"\" class=\"wp-image-676\" srcset=\"https:\/\/www.wahrheitundrecht.info\/wp-content\/uploads\/2022\/02\/k-Status-OG-Okkupation.jpg 451w, https:\/\/www.wahrheitundrecht.info\/wp-content\/uploads\/2022\/02\/k-Status-OG-Okkupation-211x300.jpg 211w\" sizes=\"(max-width: 451px) 100vw, 451px\" \/><figcaption><br><br><br><a href=\"https:\/\/www.wahrheitundrecht.info\/wp-content\/uploads\/2022\/02\/Status-der-Ostgebiete-1.pdf#page=8\" target=\"_blank\" rel=\"noreferrer noopener\">&#8222;Okkupation hingegen ber\u00fchrt nur die Unverletzlichkeit der Aus\u00fcbung staatlicher Funktionen eines Gebietsherren durch einen anderen Staat. Sie ist tangiert, wenn ein fremder Staat vollst\u00e4ndig oder teilweise die Hoheitsrechte eines Gebietsherrn aus\u00fcbt.&#8220;<\/a><\/figcaption><\/figure>\n\n\n\n<ul><li><a href=\"https:\/\/www.zfo-online.de\/portal\/index.php\/zf\/article\/view\/1264\/1263\" target=\"_blank\" rel=\"noreferrer noopener\">Herbert Kraus: Der v\u00f6lkerrechtliche Status der deutschen Ostgebiete innerhalb der Reichsgrenzen nach dem Stande vom 31. Dezember 1937<\/a><\/li><\/ul>\n","protected":false},"excerpt":{"rendered":"<p>08.05.1945: Die bedingungslose Kapitulation der deutschen Wehrmacht Das Kriegsende 1945 Die deutsche Kapitulation 1945 Bedingungslose Kapitulation der Wehrmacht Milit\u00e4rische Kapitulationsurkunde [vom 8. Mai 1945] Milit\u00e4rische Kapitulationsurkunde (Berlin, 8. Mai 1945) Milit\u00e4rische Kapitulationsurkunde vom 8. Mai 1945 8. Mai 1945 III. Milit\u00e4rische Kapitulationsurkunde Der Inhalt gliedert sich in einen materiell-rechtlichen Teil mit den Untertiteln: 1. Die [&hellip;]<\/p>\n","protected":false},"author":2,"featured_media":889,"comment_status":"open","ping_status":"open","sticky":false,"template":"","format":"standard","meta":[],"categories":[4],"tags":[],"_links":{"self":[{"href":"https:\/\/www.wahrheitundrecht.info\/index.php?rest_route=\/wp\/v2\/posts\/444"}],"collection":[{"href":"https:\/\/www.wahrheitundrecht.info\/index.php?rest_route=\/wp\/v2\/posts"}],"about":[{"href":"https:\/\/www.wahrheitundrecht.info\/index.php?rest_route=\/wp\/v2\/types\/post"}],"author":[{"embeddable":true,"href":"https:\/\/www.wahrheitundrecht.info\/index.php?rest_route=\/wp\/v2\/users\/2"}],"replies":[{"embeddable":true,"href":"https:\/\/www.wahrheitundrecht.info\/index.php?rest_route=%2Fwp%2Fv2%2Fcomments&post=444"}],"version-history":[{"count":28,"href":"https:\/\/www.wahrheitundrecht.info\/index.php?rest_route=\/wp\/v2\/posts\/444\/revisions"}],"predecessor-version":[{"id":687,"href":"https:\/\/www.wahrheitundrecht.info\/index.php?rest_route=\/wp\/v2\/posts\/444\/revisions\/687"}],"wp:featuredmedia":[{"embeddable":true,"href":"https:\/\/www.wahrheitundrecht.info\/index.php?rest_route=\/wp\/v2\/media\/889"}],"wp:attachment":[{"href":"https:\/\/www.wahrheitundrecht.info\/index.php?rest_route=%2Fwp%2Fv2%2Fmedia&parent=444"}],"wp:term":[{"taxonomy":"category","embeddable":true,"href":"https:\/\/www.wahrheitundrecht.info\/index.php?rest_route=%2Fwp%2Fv2%2Fcategories&post=444"},{"taxonomy":"post_tag","embeddable":true,"href":"https:\/\/www.wahrheitundrecht.info\/index.php?rest_route=%2Fwp%2Fv2%2Ftags&post=444"}],"curies":[{"name":"wp","href":"https:\/\/api.w.org\/{rel}","templated":true}]}}