{"id":178,"date":"2022-01-24T13:51:36","date_gmt":"2022-01-24T13:51:36","guid":{"rendered":"https:\/\/www.wahrheitundrecht.info\/?p=178"},"modified":"2022-09-20T08:54:54","modified_gmt":"2022-09-20T08:54:54","slug":"__trashed","status":"publish","type":"post","link":"https:\/\/www.wahrheitundrecht.info\/?p=178","title":{"rendered":"Hans Altmann &#8211; Eine deutsche Legende"},"content":{"rendered":"\n<figure class=\"wp-block-image size-full\"><img loading=\"lazy\" width=\"452\" height=\"640\" src=\"https:\/\/www.wahrheitundrecht.info\/wp-content\/uploads\/2022\/01\/k-Deutsche-Legende.jpg\" alt=\"\" class=\"wp-image-204\" srcset=\"https:\/\/www.wahrheitundrecht.info\/wp-content\/uploads\/2022\/01\/k-Deutsche-Legende.jpg 452w, https:\/\/www.wahrheitundrecht.info\/wp-content\/uploads\/2022\/01\/k-Deutsche-Legende-212x300.jpg 212w\" sizes=\"(max-width: 452px) 100vw, 452px\" \/><figcaption><a href=\"https:\/\/www.wahrheitundrecht.info\/wp-content\/uploads\/2022\/01\/Hans.Altmann.-.Eine_.deutsche.Legende.pdf\" target=\"_blank\" rel=\"noreferrer noopener\">Hans Altmann \u2013 Eine deutsche Legende<\/a><\/figcaption><\/figure>\n\n\n\n<blockquote class=\"wp-block-quote\"><p>Dieser Roman ist ein Roman voller Realit\u00e4ten und ist geschrieben im Gedenken an diejenigen Reichsdeutschen, die mir das Wissen zu dessen Inhalt gaben.<\/p><cite><a href=\"https:\/\/www.wahrheitundrecht.info\/wp-content\/uploads\/2022\/01\/Hans.Altmann.-.Eine_.deutsche.Legende.pdf#page=2\" target=\"_blank\" rel=\"noreferrer noopener\">Seite 1<\/a><\/cite><\/blockquote>\n\n\n\n<blockquote class=\"wp-block-quote\"><p>Da\u00df dort an hochbrisanten Geheimobjekten gearbeitet wurde, beweist die Aussage des Gruppenleiters Dr. Stroh im Januar 1945 gegen\u00fcber meiner Mutter und meinen Gro\u00dfeltern, da\u00df etwas noch fertiggestellt werden m\u00fc\u00dfte, womit Deutschland den Krieg noch gewinnen k\u00f6nnte.<\/p><cite><a href=\"https:\/\/www.wahrheitundrecht.info\/wp-content\/uploads\/2022\/01\/Hans.Altmann.-.Eine_.deutsche.Legende.pdf#page=3\" target=\"_blank\" rel=\"noreferrer noopener\">Seite 2<\/a><\/cite><\/blockquote>\n\n\n\n<blockquote class=\"wp-block-quote\"><p>Die 3. Panzerdivision der Amerikaner unter General Patton stie\u00df zuerst nach Th\u00fcringen vor und \u00fcberlie\u00df die Eroberung Berlins der Roten Armee, obwohl dem amerikanischen Geheimdienst bekannt war, da\u00df Hitler mit seinem engeren Kreis im Bunker seines F\u00fchrerhauptquartieres in Berlin sich aufhielt. Den Amerikanern waren die Forschungsergebnisse viel wichtiger als eine Gefangennahme Adolf Hitlers.<\/p><cite><a href=\"https:\/\/www.wahrheitundrecht.info\/wp-content\/uploads\/2022\/01\/Hans.Altmann.-.Eine_.deutsche.Legende.pdf#page=4\" target=\"_blank\" rel=\"noreferrer noopener\">Seite 3<\/a><\/cite><\/blockquote>\n\n\n\n<blockquote class=\"wp-block-quote\"><p>\u201eIch geh\u00f6re zu den letzten Reichsdeutschen,\u201c sagte sie. \u201eWir verf\u00fcgen \u00fcber eine Geheimtechnologie, die es mir m\u00f6glich macht, auch unsichtbar zu sein. Es existieren \u00fcberall auf der Welt geheime reichsdeutsche St\u00fctzpunkte, auch hier in Deutschland gibt es sie. Diese sind aber unterirdisch. Du mu\u00dft wissen, als ab 1943 die Niederlage Deutschlands sich an den Fronten sich abzuzeichnen begann, haben eingeweihte F\u00fchrungskr\u00e4fte aus den Reihen der Wissenschaft, der SS, der Wehrmacht und der F\u00fchrung daf\u00fcr schon Vorsorge getroffen.\u201c<\/p><cite><a href=\"https:\/\/www.wahrheitundrecht.info\/wp-content\/uploads\/2022\/01\/Hans.Altmann.-.Eine_.deutsche.Legende.pdf#page=6\" target=\"_blank\" rel=\"noreferrer noopener\">Seite 5<\/a><\/cite><\/blockquote>\n\n\n\n<blockquote class=\"wp-block-quote\"><p>Das Ziel ist, unser Volk wirtschaftlich auszubeuten und danach durch Hereinlassen fremdrassiger Menschen anderer V\u00f6lker, die vom deutschen Staat wirtschaftlich bevorzugt werden, unser Volk zu vermischen und dadurch auszurotten. Noch sind wir nicht stark genug, da wir unsere Technologie verfeinern und noch weiter ausbauen m\u00fcssen. Auch ein Volk, das all die L\u00fcgen glaubt, kann nicht befreit werden. Es wird noch mehrere Jahrzehnte dauern, bis es so weit ist. An den Zeichen der Zeit wirst du sehen, da\u00df ich recht behalte.\u201c<\/p><cite><a href=\"https:\/\/www.wahrheitundrecht.info\/wp-content\/uploads\/2022\/01\/Hans.Altmann.-.Eine_.deutsche.Legende.pdf#page=7\" target=\"_blank\" rel=\"noreferrer noopener\">Seite 6<\/a><\/cite><\/blockquote>\n\n\n\n<blockquote class=\"wp-block-quote\"><p>Die erste H\u00e4lfte der 50-ziger Jahre war die Zeit der offiziellen Besatzungszeit in Deutschland. Die Bev\u00f6lkerung der westlichen Besatzungszonen konzentrierte sich in erster Linie nur auf den Aufbau der eigenen Existenz und blickte auch positiv in die Zukunft. Auch war die Meinungsfreiheit weniger eingeschr\u00e4nkt als in der heutigen angeblichen souver\u00e4nen BRD.<\/p><cite><a href=\"https:\/\/www.wahrheitundrecht.info\/wp-content\/uploads\/2022\/01\/Hans.Altmann.-.Eine_.deutsche.Legende.pdf#page=9\" target=\"_blank\" rel=\"noreferrer noopener\">Seite 8<\/a><\/cite><\/blockquote>\n\n\n\n<blockquote class=\"wp-block-quote\"><p>\u201eLeider hatten wir bis 1945 nur wenige Prototypen davon, sonst w\u00e4re der Krieg anders ausgegangen. Zur Zeit fliegen wir nur unsere im 2.Weltkrieg erworbenen Orden spazieren und m\u00fcssen aufpassen, da\u00df uns die Siegerm\u00e4chte durch einen Zufall nicht doch noch erwischen, denn gern h\u00e4tten sie auch unsere Technik, vor der sie die gr\u00f6\u00dfte Angst haben. Elektrogravitation ist unsere Antriebstechnik, und diese wurde bereits vor 1941 vom Sonderb\u00fcro U 13 entwickelt und basiert auf den Erfindungen eines Nikola Tesla und dem Deutschen Ingenieur Hans Kohler.\u201c<\/p><cite><a href=\"https:\/\/www.wahrheitundrecht.info\/wp-content\/uploads\/2022\/01\/Hans.Altmann.-.Eine_.deutsche.Legende.pdf#page=12\" target=\"_blank\" rel=\"noreferrer noopener\">Seite 11<\/a><\/cite><\/blockquote>\n\n\n\n<figure class=\"wp-block-image size-full\"><img loading=\"lazy\" width=\"452\" height=\"640\" src=\"https:\/\/www.wahrheitundrecht.info\/wp-content\/uploads\/2022\/01\/k-Haunebu2.jpg\" alt=\"\" class=\"wp-image-206\" srcset=\"https:\/\/www.wahrheitundrecht.info\/wp-content\/uploads\/2022\/01\/k-Haunebu2.jpg 452w, https:\/\/www.wahrheitundrecht.info\/wp-content\/uploads\/2022\/01\/k-Haunebu2-212x300.jpg 212w\" sizes=\"(max-width: 452px) 100vw, 452px\" \/><figcaption><a href=\"https:\/\/www.wahrheitundrecht.info\/wp-content\/uploads\/2022\/01\/Hans.Altmann.-.Eine_.deutsche.Legende.pdf#page=13\" target=\"_blank\" rel=\"noreferrer noopener\">Haunebu II<\/a><\/figcaption><\/figure>\n\n\n\n<figure class=\"wp-block-image size-full\"><img loading=\"lazy\" width=\"452\" height=\"640\" src=\"https:\/\/www.wahrheitundrecht.info\/wp-content\/uploads\/2022\/01\/k-Haunebu1.jpg\" alt=\"\" class=\"wp-image-205\" srcset=\"https:\/\/www.wahrheitundrecht.info\/wp-content\/uploads\/2022\/01\/k-Haunebu1.jpg 452w, https:\/\/www.wahrheitundrecht.info\/wp-content\/uploads\/2022\/01\/k-Haunebu1-212x300.jpg 212w\" sizes=\"(max-width: 452px) 100vw, 452px\" \/><figcaption><a href=\"https:\/\/www.wahrheitundrecht.info\/wp-content\/uploads\/2022\/01\/Hans.Altmann.-.Eine_.deutsche.Legende.pdf#page=14\" target=\"_blank\" rel=\"noreferrer noopener\">Haunebu I<\/a><\/figcaption><\/figure>\n\n\n\n<blockquote class=\"wp-block-quote\"><p>Meine Aufmerksamkeit erregte aber immer noch das riesige zigarrenf\u00f6rmige Raumschiff, das am anderen Ende der Halle an der Wand stand. Irene, die mein Interesse daran bemerkte, erz\u00e4hlte mir, da\u00df es sich um das sogenannte Andromedager\u00e4t handelte. Die ersten Entw\u00fcrfe auf dem Papier entstanden bereits<br>kurz vor 1945.<\/p><cite><a href=\"https:\/\/www.wahrheitundrecht.info\/wp-content\/uploads\/2022\/01\/Hans.Altmann.-.Eine_.deutsche.Legende.pdf#page=15\" target=\"_blank\" rel=\"noreferrer noopener\">Seite 12<\/a><\/cite><\/blockquote>\n\n\n\n<blockquote class=\"wp-block-quote\"><p>Dieses unterirdische H\u00f6hlensystem zieht sich etwa sechshundert Kilometer durch die Anden bis nach Chile und Peru. Nat\u00fcrlich ist nicht alles ausgebaut. Aber die hohen Berge geben uns einen sicheren Schutz vor neugierigen Angreifern. Dieses H\u00f6hlensystem ist von einem der besten deutschen Arch\u00e4ologen Deutschlands, Edmund Kiss, vor dem 2. Weltkrieg entdeckt worden.<\/p><cite><a href=\"https:\/\/www.wahrheitundrecht.info\/wp-content\/uploads\/2022\/01\/Hans.Altmann.-.Eine_.deutsche.Legende.pdf#page=16\" target=\"_blank\" rel=\"noreferrer noopener\">Seite 13<\/a><\/cite><\/blockquote>\n\n\n\n<blockquote class=\"wp-block-quote\"><p>Schnell war alles startklar und wir flogen aus dem Talkessel heraus \u00fcber dem S\u00fcdamerikanischen Kontinent Richtung Europa. Innerhalb von einer Stunde schwebten wir in gro\u00dfer H\u00f6he \u00fcber dem Jonastal bei Arndtstadt in Th\u00fcringen. \u201eWie kommen wir dort in die unterirdische Stadt?\u201c, dachte ich.<\/p><cite><a href=\"https:\/\/www.wahrheitundrecht.info\/wp-content\/uploads\/2022\/01\/Hans.Altmann.-.Eine_.deutsche.Legende.pdf#page=17\" target=\"_blank\" rel=\"noreferrer noopener\">Seite 14<\/a><\/cite><\/blockquote>\n\n\n\n<blockquote class=\"wp-block-quote\"><p>,,Du hast Recht, aber zur Zeit sind die Verlogenen und Verbrecher von diesen V\u00f6lkern noch an der Macht. In beiden Teilen Deutschlands sitzen ihre Vasallen.<br>Es sind aber nur die sichtbaren Volksf\u00fchrer in all diesen L\u00e4ndern. Hinter diesen sitzen die eigentlich M\u00e4chtigen und diesen haben alle bedingungslos zu gehorchen Das deutsche Volk ist mit seinem Flei\u00df und seiner T\u00fcchtigkeit f\u00fcr diese Hintergrundm\u00e4chte ein gro\u00dfer Hemmschuh auf ihrem Weg zum Weltsklavenstaat, und deshalb ist auch dessen Vernichtung auf l\u00e4ngere Sicht geplant. Mit dem ersten und zweiten Weltkrieg haben es diese Verbrecher nicht geschafft.&#8220;<\/p><cite><a href=\"https:\/\/www.wahrheitundrecht.info\/wp-content\/uploads\/2022\/01\/Hans.Altmann.-.Eine_.deutsche.Legende.pdf#page=18\" target=\"_blank\" rel=\"noreferrer noopener\">Seite 15<\/a><\/cite><\/blockquote>\n\n\n\n<blockquote class=\"wp-block-quote\"><p>&#8222;Der Staatsschutz in Westdeutschland sowie der Staatssicherheitsdienst der DDR wissen in ihrer F\u00fchrung, da\u00df das geheime Reichsdeutschland existiert. Jeder von uns Reichsdeutschen hat, wenn er sich l\u00e4ngere Zeit au\u00dferhalb von unseren St\u00fctzpunkten aufh\u00e4lt, im Backenzahn eine Zyankalikapsel, denn keiner kann gegen die Folterungen auf die Dauer standhalten. Am Schlimmsten und brutalsten sind die Agenten vom CIA und vom israelischen Mossad.\u201c<\/p><cite><a href=\"https:\/\/www.wahrheitundrecht.info\/wp-content\/uploads\/2022\/01\/Hans.Altmann.-.Eine_.deutsche.Legende.pdf#page=19\" target=\"_blank\" rel=\"noreferrer noopener\">Seite 16<\/a><\/cite><\/blockquote>\n\n\n\n<blockquote class=\"wp-block-quote\"><p>\u201eDas war ein langes Problem, bis unsere Wissenschaftler das ab 1951 gel\u00f6st hatten. Der Mensch oder auch der Gegenstand wird entmaterialisiert, also in einzelne Atome mittels einer Strahlung zerlegt und f\u00fcgt sich hinterher wieder zusammen. Deshalb sieht man beim Materialisieren auch den wei\u00dfen Nebel. Genau kann ich das<br>nat\u00fcrlich nicht beschreiben, da unsere Wissenschaftler ihre Kenntnisse dar\u00fcber geheim halten.&#8220;<\/p><cite><a href=\"https:\/\/www.wahrheitundrecht.info\/wp-content\/uploads\/2022\/01\/Hans.Altmann.-.Eine_.deutsche.Legende.pdf#page=20\" target=\"_blank\" rel=\"noreferrer noopener\">Seite 17<\/a><\/cite><\/blockquote>\n\n\n\n<blockquote class=\"wp-block-quote\"><p>Voller Spannung schaute ich in Richtung B\u00fchne, in deren Mitte ein Rednerpult stand. Hinter dem Pult hingen von der Decke 5 gro\u00dfe Hakenkreuzfahnen herab. Aber an der Vorderseite des Pultes war das Zeichen der schwarzen Sonne zu sehen.<\/p><cite><a href=\"https:\/\/www.wahrheitundrecht.info\/wp-content\/uploads\/2022\/01\/Hans.Altmann.-.Eine_.deutsche.Legende.pdf#page=21\" target=\"_blank\" rel=\"noreferrer noopener\">Seite 18<\/a><\/cite><\/blockquote>\n\n\n\n<blockquote class=\"wp-block-quote\"><p>Am Rednerpult stand der auf der Welt am meisten verehrteste und gehasste Deutsche, Adolf Hitler. Ein Raunen ging durch die Menge. Der F\u00fchrer geno\u00df wohl das Erstaunen der Zuschauer. Er trug einen dunklen Anzug, und am linken Jacken\u00e4rmel hatte er eine Hakenkreuzarmbinde. Mit beiden H\u00e4nde strich er sich durch die an den Schl\u00e4fen leicht angegrauten Haare. Seine Augen strahlten Energie und Zuversicht aus. Kraftvoll erschallte seine Stimme:<\/p><cite><a href=\"https:\/\/www.wahrheitundrecht.info\/wp-content\/uploads\/2022\/01\/Hans.Altmann.-.Eine_.deutsche.Legende.pdf#page=22\" target=\"_blank\" rel=\"noreferrer noopener\">Seite 19<\/a><\/cite><\/blockquote>\n\n\n\n<blockquote class=\"wp-block-quote\"><p>&#8222;Nur aus der gr\u00f6\u00dften Not heraus wird das deutsche Volk seine wahren Werte wieder erkennen und den \u00dcberlebenskampf aus der Verzweiflung heraus beginnen. Ja, erst dann wird unser Volk zu seiner Hochkultur zur\u00fcckfinden.\u201c<\/p><cite><a href=\"https:\/\/www.wahrheitundrecht.info\/wp-content\/uploads\/2022\/01\/Hans.Altmann.-.Eine_.deutsche.Legende.pdf#page=23\" target=\"_blank\" rel=\"noreferrer noopener\">Seite 20<\/a><\/cite><\/blockquote>\n\n\n\n<blockquote class=\"wp-block-quote\"><p>Nach dem wir auf unserer Plattform in der unterirdischen Anlage im Jonastal angekommen waren, fuhren Irene und ich direkt zu ihrem Haus. Fritz hatte einen Auftrag in der Antarktis zu erledigen. Dort, so erkl\u00e4rte er mir, befindet sich der reichsdeutsche St\u00fctzpunkt 211, zum gr\u00f6\u00dften Teil unter dem Eis von Neuschwabenland.<\/p><cite><a href=\"https:\/\/www.wahrheitundrecht.info\/wp-content\/uploads\/2022\/01\/Hans.Altmann.-.Eine_.deutsche.Legende.pdf#page=24\" target=\"_blank\" rel=\"noreferrer noopener\">Seite 21<\/a><\/cite><\/blockquote>\n\n\n\n<blockquote class=\"wp-block-quote\"><p>\u201eUnd warum haben wir dann den Krieg verloren?\u201c fragte Egon der Gastwirt. \u201eNun, es sind viele Geheimwaffen durch Sabotage nicht mehr eingesetzt worden. Die Verr\u00e4ter sa\u00dfen teilweise an den richtigen Schalthebeln,\u201c erwiderte der Fremde.<\/p><cite><a href=\"https:\/\/www.wahrheitundrecht.info\/wp-content\/uploads\/2022\/01\/Hans.Altmann.-.Eine_.deutsche.Legende.pdf#page=25\" target=\"_blank\" rel=\"noreferrer noopener\">Seite 22<\/a><\/cite><\/blockquote>\n\n\n\n<blockquote class=\"wp-block-quote\"><p>\u201eDas Deutsche Reich hat mit dem 8.Mai 1945 nicht aufgeh\u00f6rt zu existieren, es ist nur offiziell handlungsunf\u00e4hig.\u201c \u201eWieso offiziell ?\u201c fragte ich. \u201eEs existieren auf der ganzen Welt noch geheime St\u00fctzpunkte, und dort hat man die Hochtechnologie hingebracht, die die alliierten Siegerm\u00e4chte auch gern h\u00e4tten.&#8220;<\/p><cite><a href=\"https:\/\/www.wahrheitundrecht.info\/wp-content\/uploads\/2022\/01\/Hans.Altmann.-.Eine_.deutsche.Legende.pdf#page=26\" target=\"_blank\" rel=\"noreferrer noopener\">Seite 23<\/a><\/cite><\/blockquote>\n\n\n\n<blockquote class=\"wp-block-quote\"><p>Die Zahl 13 ist in der Freimaurerei und in der j\u00fcdischen Zahlenmystik eine Gl\u00fcckszahl. Deshalb sind am 16.Oktober 1946 die deutschen, zum Tode verurteilten Politiker und Soldaten des 3. Reiches \u00fcber 13 Stufen zum Galgen gegangen. Im Fu\u00df der Pyramide sehen sie die r\u00f6mische Zahl 1776. Diese hat zwei Bedeutungen. Ein mal sind im Jahre 1776 die Vereinigten Staaten von Amerika gegr\u00fcndet worden. Aber die wichtigere Bedeutung ist die Gr\u00fcndung des h\u00f6chsten Freimaurerordens der Illuminaten durch Adam Wei\u00dfhaupt in diesem Jahr.<\/p><cite><a href=\"https:\/\/www.wahrheitundrecht.info\/wp-content\/uploads\/2022\/01\/Hans.Altmann.-.Eine_.deutsche.Legende.pdf#page=27\" target=\"_blank\" rel=\"noreferrer noopener\">Seite 24<\/a><\/cite><\/blockquote>\n\n\n\n<blockquote class=\"wp-block-quote\"><p>Die meisten Deutschen sind viel zu naiv, um die Hintergr\u00fcnde zu erkennen, denn die Dummheit der breiten Bev\u00f6lkerung ist ein sicheres Fundament unserer Macht. Gegen diese Dummheit k\u00f6nnen selbst ihre Freunde von der reichsdeutschen Flugscheibenmacht nichts ausrichten. Wen wollen sie denn befreien? Etwa die Dummen die nicht merken, da\u00df sie auf dem Weg in die Sklaverei sind ?<\/p><cite><a href=\"https:\/\/www.wahrheitundrecht.info\/wp-content\/uploads\/2022\/01\/Hans.Altmann.-.Eine_.deutsche.Legende.pdf#page=28\" target=\"_blank\" rel=\"noreferrer noopener\">Seite 25<\/a><\/cite><\/blockquote>\n\n\n\n<blockquote class=\"wp-block-quote\"><p>Die Zentrale des Mossad f\u00fcr Europa befindet sich in Frankfurt. Von dort aus werden diese Leute eingesetzt und operieren oft getarnt als freie Journalisten mit originalen Presseausweisen von der westdeutschen Lizenzpresse, die j\u00fcdisch kontrolliert wird. Diese Agenten haben Zugang zu staatlichen Einrichtungen und d\u00fcrfen unter den Augen der Bonner Regierung straflos morden.<\/p><cite><a href=\"https:\/\/www.wahrheitundrecht.info\/wp-content\/uploads\/2022\/01\/Hans.Altmann.-.Eine_.deutsche.Legende.pdf#page=31\" target=\"_blank\" rel=\"noreferrer noopener\">Seite 28<\/a><\/cite><\/blockquote>\n\n\n\n<blockquote class=\"wp-block-quote\"><p>\u201eDas ist technischer Fortschritt!\u201c war meine Antwort. \u201eMit dieser Technik haben wir berechtigte Hoffnung unser Volk und die unterdr\u00fcckten V\u00f6lker auf unserer Erde von dem zionistischen Joch zu befreien.\u201c<\/p><cite><a href=\"https:\/\/www.wahrheitundrecht.info\/wp-content\/uploads\/2022\/01\/Hans.Altmann.-.Eine_.deutsche.Legende.pdf#page=37\">Sei<\/a><a href=\"https:\/\/www.wahrheitundrecht.info\/wp-content\/uploads\/2022\/01\/Hans.Altmann.-.Eine_.deutsche.Legende.pdf#page=37\" target=\"_blank\" rel=\"noreferrer noopener\">t<\/a><a href=\"https:\/\/www.wahrheitundrecht.info\/wp-content\/uploads\/2022\/01\/Hans.Altmann.-.Eine_.deutsche.Legende.pdf#page=37\">e 34<\/a><\/cite><\/blockquote>\n\n\n\n<blockquote class=\"wp-block-quote\"><p>\u201eDie Frage ist berechtigt, aber hier haben sich die Menschen ein St\u00fcck Deutschland geschaffen, und deshalb hat man aus der Verbundenheit mit dem deutschen Vaterland die Zeit, die jetzt in Deutschland herrscht, auch hier. Wenn wir uns hier in S\u00fcdamerika auf die Erdoberfl\u00e4che begeben, setzt die Zeitrechnung des S\u00fcdamerikanischen Kontinents wieder in Kraft.\u201c<\/p><cite><a href=\"https:\/\/www.wahrheitundrecht.info\/wp-content\/uploads\/2022\/01\/Hans.Altmann.-.Eine_.deutsche.Legende.pdf#page=39\" target=\"_blank\" rel=\"noreferrer noopener\">Seite 36<\/a><\/cite><\/blockquote>\n\n\n\n<blockquote class=\"wp-block-quote\"><p>Von den Juden und Israelis sind nur ein ganz geringer Prozentsatz Semiten. Weil sie aber die Abwehrfront der Goyim, das sind die Nichtjuden, gegen die Machenschaften der Juden durchbrechen wollen, benutzen sie die gro\u00dfe Masse der Semiten gewisserma\u00dfen als Schutzschild, mit dem Schlagwort \u201eAntisemitismus\u201c. Damit soll die unwissende Mehrheit der Menschen \u00fcber das eigentliche Motiv get\u00e4uscht werden. Der Grund der Gegnerschaft zwischen den Juden und den Nichtjuden liegt in den Zielen des Mosaismus.<\/p><cite><a href=\"https:\/\/www.wahrheitundrecht.info\/wp-content\/uploads\/2022\/01\/Hans.Altmann.-.Eine_.deutsche.Legende.pdf#page=40\" target=\"_blank\" rel=\"noreferrer noopener\">Seite 37<\/a><\/cite><\/blockquote>\n\n\n\n<blockquote class=\"wp-block-quote\"><p>Die beiden Lehrb\u00fccher des Mosaismus, die Thora und der Talmud, sind heute die Grundlagen f\u00fcr das seit rund 3.000 Jahren angestrebte Ziel: Die Beherrschung aller anderen V\u00f6lker. Die Mittel und Wege zur Erreichung dieses Ziels sind schier unfa\u00dfbar. Das Nichtf\u00fcr-m\u00f6glich-Halten dieser Wahnsinns-Idee, denn die V\u00f6lker sind gar nicht in der Lage, einen so hinterh\u00e4ltigen Vorsatz sich auch nur vorzustellen, macht es den Zionisten und Orthodoxen leicht, diesen Psycho-Krieg zur Unterdr\u00fcckung bisher erfolgreich zu f\u00fchren.<\/p><cite><a href=\"https:\/\/www.wahrheitundrecht.info\/wp-content\/uploads\/2022\/01\/Hans.Altmann.-.Eine_.deutsche.Legende.pdf#page=41\" target=\"_blank\" rel=\"noreferrer noopener\">Seite 38<\/a><\/cite><\/blockquote>\n\n\n\n<blockquote class=\"wp-block-quote\"><p>Der Talmud ist f\u00fcr die Zionisten und Orthodoxen wichtiger als die Thora (A.T.). In dieser Lehre, die 14 starke B\u00e4nde mit 63 Traktaten umfa\u00dft, wird der Mosaismus so ausgelegt, da\u00df ihre Lehrs\u00e4tze ins praktische Leben der Juden passen. Es gibt f\u00fcr einen Juden keinen Bereich des Lebens, der nicht Religion ist!<\/p><cite><a href=\"https:\/\/www.wahrheitundrecht.info\/wp-content\/uploads\/2022\/01\/Hans.Altmann.-.Eine_.deutsche.Legende.pdf#page=42\" target=\"_blank\" rel=\"noreferrer noopener\">Seite 39<\/a><\/cite><\/blockquote>\n\n\n\n<blockquote class=\"wp-block-quote\"><p>\u00dcberwiegend Angeh\u00f6rige des j\u00fcdischen Volkes haben 1917 in Ru\u00dfland die Macht an sich gerissen. Das Ergebnis war, da\u00df die russische Intelligenz und das russische Bauerntum vernichtet wurden. Mit Hilfe des j\u00fcdischen Geldes aus den USA hatten sich die bolschewistischen Juden zu F\u00fcrsten ihrer Herren gemacht.<\/p><cite><a href=\"https:\/\/www.wahrheitundrecht.info\/wp-content\/uploads\/2022\/01\/Hans.Altmann.-.Eine_.deutsche.Legende.pdf#page=43\" target=\"_blank\" rel=\"noreferrer noopener\">Seite 40<\/a><\/cite><\/blockquote>\n\n\n\n<blockquote class=\"wp-block-quote\"><p>\u201eDas sollte dem gesamten V\u00f6lkern Europas bekannt sein, dann h\u00e4tten die Engl\u00e4nder und Franzosen ihre Regierungen mit samt ihren j\u00fcdischen Hinterm\u00e4nnern vor Kriegsbeginn zum Teufel gejagt und damit einen Krieg gegen Deutschland unm\u00f6glich gemacht!\u201c<\/p><cite><a href=\"https:\/\/www.wahrheitundrecht.info\/wp-content\/uploads\/2022\/01\/Hans.Altmann.-.Eine_.deutsche.Legende.pdf#page=44\" target=\"_blank\" rel=\"noreferrer noopener\">Seite 41<\/a><\/cite><\/blockquote>\n\n\n\n<blockquote class=\"wp-block-quote\"><p>So werden Betrug und Schwindel gegen\u00fcber Nichtjuden in jedem Land der Erde legalisiert, in dem Zionisten und Orthodoxe leben. Damit ist auch erkl\u00e4rt, wie Juden zur Moralischen Instanz in der BRD gek\u00fcrt werden, die normalerweise ins Gef\u00e4ngnis geh\u00f6rten.<\/p><cite><a href=\"https:\/\/www.wahrheitundrecht.info\/wp-content\/uploads\/2022\/01\/Hans.Altmann.-.Eine_.deutsche.Legende.pdf#page=45\" target=\"_blank\" rel=\"noreferrer noopener\">Seite 42<\/a><\/cite><\/blockquote>\n\n\n\n<blockquote class=\"wp-block-quote\"><p>Amalek ist ein Feind der Israeliten aus dem A.T. Amalek wurde zu einem Symbol f\u00fcr alle sp\u00e4teren Feinde des j\u00fcdischen Volkes bis in die Neuzeit. Auch die Deutschen kamen zu dieser zweifelhaften Ehre. Bis heute!<br>Die Mosaisten, Talmudisten und Judaisten rechtfertigen einen Aufruf zu Mord aus lauter \u00dcberheblichkeit, ohne bestraft zu werden!<\/p><cite><a href=\"https:\/\/www.wahrheitundrecht.info\/wp-content\/uploads\/2022\/01\/Hans.Altmann.-.Eine_.deutsche.Legende.pdf#page=46\" target=\"_blank\" rel=\"noreferrer noopener\">Seite 43<\/a><\/cite><\/blockquote>\n\n\n\n<blockquote class=\"wp-block-quote\"><p>Die Staatsanw\u00e4lte der BRD werden jedoch niemals t\u00e4tig werden, solange die BRD auf deutschem Reichsgebiet von USrael besetzt ist. Jeder, der diesen Sachverhalt aufdeckt, wird f\u00e4lschlicherweise zum Antisemiten abgestempelt. Er ist in Wahrheit ein Antimosaist!<br>Wer dann noch vom grundgesetzlich verbriefteb Recht der freien Meinungs\u00e4u\u00dferung Gebrauch macht, mu\u00df mit dem Besuch des Staatsanwalts rechnen.<\/p><cite><a href=\"https:\/\/www.wahrheitundrecht.info\/wp-content\/uploads\/2022\/01\/Hans.Altmann.-.Eine_.deutsche.Legende.pdf#page=47\" target=\"_blank\" rel=\"noreferrer noopener\">Seite 44<\/a><\/cite><\/blockquote>\n\n\n\n<blockquote class=\"wp-block-quote\"><p>Warum bleiben die Juden hartn\u00e4ckig bei dem falschen Begriff Antisemitismus? Weil sie damit die Menschen t\u00e4uschen wollen! Die Absicht des Judaismus, die Welt und alle V\u00f6lker zu beherrschen, wollen die Juden durch diese Verschleierungstaktik verbergen! Deshalb benutzt man den verschwommenen und v\u00f6llig falschen Begriff Antisemitismus!<\/p><cite><a href=\"https:\/\/www.wahrheitundrecht.info\/wp-content\/uploads\/2022\/01\/Hans.Altmann.-.Eine_.deutsche.Legende.pdf#page=48\" target=\"_blank\" rel=\"noreferrer noopener\">Seite 45<\/a><\/cite><\/blockquote>\n\n\n\n<blockquote class=\"wp-block-quote\"><p>\u201eTheologisch gesehen ist und bleibt Endzweck und Endziel ein und dasselbe. Die von Thora und Propheten verhei\u00dfene Weltherrschaft Israels, von dessen F\u00fc\u00dfen die Fremdv\u00f6lker den Staub lecken, ihm dienen sollen und deren Verm\u00f6gen und G\u00fcter der Besitz Jerusalems werden soll.\u201c<\/p><cite><a href=\"https:\/\/www.wahrheitundrecht.info\/wp-content\/uploads\/2022\/01\/Hans.Altmann.-.Eine_.deutsche.Legende.pdf#page=49\" target=\"_blank\" rel=\"noreferrer noopener\">Seite 46<\/a><\/cite><\/blockquote>\n\n\n\n<blockquote class=\"wp-block-quote\"><p>Unsere Wissenschaftler haben herausgefunden, da\u00df die Marspyramiden \u00e4lter sind als diese aus \u00c4gypten. Die Pharaonen \u00c4gyptens waren niemals die Erbauer der \u00c4gyptischen Pyramiden, sondern die Vorfahren der Bewohner des legend\u00e4ren Atlantis, die Hypoboer und damit die Vorfahren der Kelten und Germanen. Einer unserer f\u00fchrenden Arch\u00e4ologen, Dr. Brockmeier, vertritt die Theorie, da\u00df unsere Urvorfahren die Raumfahrt beherrschten und vom Mars aus, der lebensfeindlich wurde, die Erde besiedelten.<\/p><cite><a href=\"https:\/\/www.wahrheitundrecht.info\/wp-content\/uploads\/2022\/01\/Hans.Altmann.-.Eine_.deutsche.Legende.pdf#page=50\" target=\"_blank\" rel=\"noreferrer noopener\">Seite 47<\/a><\/cite><\/blockquote>\n\n\n\n<blockquote class=\"wp-block-quote\"><p>\u201eNeuschwabenland ist w\u00e4hrend der legend\u00e4ren Deutschen Antarktischen Expedition 1938-1939 im Auftrag von Reichsmarschall Hermann G\u00f6ring, den als \u201eNeuschwabenland\u201c bezeichneten 600.000 qkm gro\u00dfen Teil der Antarktis, genau erforscht und nach v\u00f6lkerrechtlichen Grunds\u00e4tzen wirksam f\u00fcr das Deutsche Reich okkupiert (Vermessung, Anfertigung pr\u00e4zisester Landkarten mit Festlegung aller H\u00f6hen und Senken, aller Berge und Seen, Abstecken der gesamten, neuen Staatsgrenze mit massiven, witterungsbest\u00e4ndigen Aluminiumpfeilen, die mit dem Staatssymbol des Deutschen Reichs versehen waren, Besiedlung, Dokumentierung der Expedition im Bundesanzeiger von 1952 usw.)&#8220;<\/p><cite><a href=\"https:\/\/www.wahrheitundrecht.info\/wp-content\/uploads\/2022\/01\/Hans.Altmann.-.Eine_.deutsche.Legende.pdf#page=51\" target=\"_blank\" rel=\"noreferrer noopener\">Seite 48<\/a><\/cite><\/blockquote>\n\n\n\n<blockquote class=\"wp-block-quote\"><p>Fritz erkl\u00e4rte, da\u00df die Energie nicht nur aus der freien Energie gewonnen wird, sondern auch durch hei\u00dfe Quellen, die durch Vulkanismus hier vorhanden sind. Vor dem Krieg hat man mit dem Ausbau dieser unterirdischen Stadt angefangen. Der Kriegsmarine haben wir viel zu verdanken, da sie auch w\u00e4hrend des Krieges f\u00fcr Nachschub gesorgt hatte.<\/p><cite><a href=\"https:\/\/www.wahrheitundrecht.info\/wp-content\/uploads\/2022\/01\/Hans.Altmann.-.Eine_.deutsche.Legende.pdf#page=52\" target=\"_blank\" rel=\"noreferrer noopener\">Seite 49<\/a><\/cite><\/blockquote>\n\n\n\n<blockquote class=\"wp-block-quote\"><p>Unserer U-Boot-Waffe ist es in der letzten Schlacht gelungen, einen ganzen Alliierten Konvoi zu vernichten. Der Feind hatte nicht mit den neuen U-Boot-Typen gerechnet, die erstmals aus 50 bis 60 Meter Tiefe ihre. Torpedos abschie\u00dfen konnten.<\/p><cite><a href=\"https:\/\/www.wahrheitundrecht.info\/wp-content\/uploads\/2022\/01\/Hans.Altmann.-.Eine_.deutsche.Legende.pdf#page=53\" target=\"_blank\" rel=\"noreferrer noopener\">Seite 50<\/a><\/cite><\/blockquote>\n\n\n\n<blockquote class=\"wp-block-quote\"><p>Das Deutschland der Zukunft braucht weder Querulanten noch untert\u00e4nige Ja-Sager, die h\u00fcndisch alles nachplappern, was ihnen die Vorgesetzten vorkauen, selbst wenn es der gr\u00f6\u00dfte Unsinn ist.<\/p><cite><a href=\"https:\/\/www.wahrheitundrecht.info\/wp-content\/uploads\/2022\/01\/Hans.Altmann.-.Eine_.deutsche.Legende.pdf#page=54\" target=\"_blank\" rel=\"noreferrer noopener\">Seite 51<\/a><\/cite><\/blockquote>\n\n\n\n<blockquote class=\"wp-block-quote\"><p>\u201eIn einem zuk\u00fcnftigen Deutschen Reich k\u00f6nnen wir diese nicht gebrauchen. Wir werden diese Menschen aus dem kommenden Deutschen Reich ausweisen, damit sie die M\u00f6glichkeit haben in diese Fremdl\u00e4nder zu gehen, f\u00fcr diese sie in der Vergangenheit gegen ihr Deutsches Volk und Vaterland gearbeitet und gehetzt haben. Daf\u00fcr haben wir schon lange Namenslisten mit den Untaten dieser Menschen angelegt.\u201c<\/p><cite><a href=\"https:\/\/www.wahrheitundrecht.info\/wp-content\/uploads\/2022\/01\/Hans.Altmann.-.Eine_.deutsche.Legende.pdf#page=55\" target=\"_blank\" rel=\"noreferrer noopener\">Seite 52<\/a><\/cite><\/blockquote>\n\n\n\n<blockquote class=\"wp-block-quote\"><p>Der deutsche Mensch ist in seinem politischen Denken im Durchschnitt sehr naiv. Auf der anderen Seite ist er sehr flei\u00dfig und erfinderisch. Gerade diese Gegens\u00e4tzlichkeiten machen ihn zum Sklaven der internationalen Hochfinanz. Er kann gar nicht so schlecht denken, wie die Feinde Deutschlands handeln.<\/p><cite><a href=\"https:\/\/www.wahrheitundrecht.info\/wp-content\/uploads\/2022\/01\/Hans.Altmann.-.Eine_.deutsche.Legende.pdf#page=56\" target=\"_blank\" rel=\"noreferrer noopener\">Seite 53<\/a><\/cite><\/blockquote>\n\n\n\n<blockquote class=\"wp-block-quote\"><p>Da unser H\u00f6hlensystem auch bis nach Chile reicht, hatte unsere F\u00fchrung am Ausgang dieses Systems in Chile ein gro\u00dfes Gebiet mit fruchtbaren Boden und saftigen Weideland gekauft. Dieses Land werden wir zu einer oberirdischen Versorgungskolonie umgestalten und werden es Colonia-Dignidad nennen.<\/p><cite><a href=\"https:\/\/www.wahrheitundrecht.info\/wp-content\/uploads\/2022\/01\/Hans.Altmann.-.Eine_.deutsche.Legende.pdf#page=58\" target=\"_blank\" rel=\"noreferrer noopener\">Seite 55<\/a><\/cite><\/blockquote>\n\n\n\n<blockquote class=\"wp-block-quote\"><p>Die Wut der Amerikaner, der Sowjets und vor allen Dingen der Juden ist sehr gro\u00df, wenn sie wieder feststellen, da\u00df wir technische Dinge vollbringen, die f\u00fcr sie noch in weiter Ferne liegen. Jetzt wirst du sagen, da\u00df die sich doch ruhig \u00e4rgern k\u00f6nnen, nur haben wir dann immer wieder feststellen m\u00fcssen, da\u00df das deutsche Volk danach wieder neuen Repressalien ausgesetzt war.<\/p><cite><a href=\"https:\/\/www.wahrheitundrecht.info\/wp-content\/uploads\/2022\/01\/Hans.Altmann.-.Eine_.deutsche.Legende.pdf#page=59\" target=\"_blank\" rel=\"noreferrer noopener\">Seite 56<\/a><\/cite><\/blockquote>\n\n\n\n<blockquote class=\"wp-block-quote\"><p>\u201eDie Auserw\u00e4hlten haben einen gro\u00dfen Gesch\u00e4ftssinn, und in Spekulation und Betrug sind sie nahezu perfekt, aber Erfindergeist und sch\u00f6pferisches Denken sind ihnen fremd.\u201c Was Fritz so vorbrachte, war einleuchtend. Und nur der Glaube an den Endsieg des Guten \u00fcber das B\u00f6se h\u00e4lt uns alle hoch.<\/p><cite><a href=\"https:\/\/www.wahrheitundrecht.info\/wp-content\/uploads\/2022\/01\/Hans.Altmann.-.Eine_.deutsche.Legende.pdf#page=60\" target=\"_blank\" rel=\"noreferrer noopener\">Seite 57<\/a><\/cite><\/blockquote>\n\n\n\n<figure class=\"wp-block-image size-full\"><img loading=\"lazy\" width=\"452\" height=\"640\" src=\"https:\/\/www.wahrheitundrecht.info\/wp-content\/uploads\/2022\/01\/k-Vril-1.jpg\" alt=\"\" class=\"wp-image-265\" srcset=\"https:\/\/www.wahrheitundrecht.info\/wp-content\/uploads\/2022\/01\/k-Vril-1.jpg 452w, https:\/\/www.wahrheitundrecht.info\/wp-content\/uploads\/2022\/01\/k-Vril-1-212x300.jpg 212w\" sizes=\"(max-width: 452px) 100vw, 452px\" \/><figcaption><a href=\"https:\/\/www.wahrheitundrecht.info\/wp-content\/uploads\/2022\/01\/Hans.Altmann.-.Eine_.deutsche.Legende.pdf#page=61\" target=\"_blank\" rel=\"noreferrer noopener\">Vril 1<\/a><\/figcaption><\/figure>\n\n\n\n<blockquote class=\"wp-block-quote\"><p>Der Mars war nicht so unwirtlich wie unser Mond. Die Temperatur konnte am Mars\u00e4quator bis auf ca. 26 Grad W\u00e4rme ansteigen, was auf eine sch\u00fctzende Atmosph\u00e4re schlie\u00dfen l\u00e4\u00dft. Allerdings ist der Sauerstoffgehalt zu niedrig, als das ein Mensch l\u00e4ngere Zeit \u00fcberleben kann.<\/p><cite><a href=\"https:\/\/www.wahrheitundrecht.info\/wp-content\/uploads\/2022\/01\/Hans.Altmann.-.Eine_.deutsche.Legende.pdf#page=62\" target=\"_blank\" rel=\"noreferrer noopener\">Seite 58<\/a><\/cite><\/blockquote>\n\n\n\n<blockquote class=\"wp-block-quote\"><p>Am Kraterrand um den St\u00fctzpunkt herum flatterten mehrere Hakenkreuzfahnen im Marswind. Damit hat Reichsdeutschland kundgetan, da\u00df es den Mars f\u00fcr das Deutsche Reich in Besitz genommen hat, nicht aber f\u00fcr die deutschfeindliche BRD.<\/p><cite><a href=\"https:\/\/www.wahrheitundrecht.info\/wp-content\/uploads\/2022\/01\/Hans.Altmann.-.Eine_.deutsche.Legende.pdf#page=63\" target=\"_blank\" rel=\"noreferrer noopener\">Seite 59<\/a><\/cite><\/blockquote>\n\n\n\n<figure class=\"wp-block-image size-full\"><img loading=\"lazy\" width=\"452\" height=\"640\" src=\"https:\/\/www.wahrheitundrecht.info\/wp-content\/uploads\/2022\/01\/k-Haunebu3.jpg\" alt=\"\" class=\"wp-image-264\" srcset=\"https:\/\/www.wahrheitundrecht.info\/wp-content\/uploads\/2022\/01\/k-Haunebu3.jpg 452w, https:\/\/www.wahrheitundrecht.info\/wp-content\/uploads\/2022\/01\/k-Haunebu3-212x300.jpg 212w\" sizes=\"(max-width: 452px) 100vw, 452px\" \/><figcaption><a href=\"https:\/\/www.wahrheitundrecht.info\/wp-content\/uploads\/2022\/01\/Hans.Altmann.-.Eine_.deutsche.Legende.pdf#page=64\" target=\"_blank\" rel=\"noreferrer noopener\">Haunebu III<\/a><\/figcaption><\/figure>\n\n\n\n<blockquote class=\"wp-block-quote\"><p>Wir hoffen, da\u00df dann der Mars wieder Leben auf seiner Oberfl\u00e4che zul\u00e4\u00dft, und die \u00dcberbev\u00f6lkerung auf der Erde, die gerade von den farbigen V\u00f6lkern auf unserer Erde ausgeht, nicht die wei\u00dfe Rasse vernichtet. Deshalb werden wir Reichsdeutschen es niemals zulassen, da\u00df Amerikaner oder Sowjets uns den Mars streitig machen. Wir wollen diesen Planeten so umgestalten, da\u00df er f\u00fcr die wei\u00dfe Rasse zu einem Zufluchtsort wird.<\/p><cite><a href=\"https:\/\/www.wahrheitundrecht.info\/wp-content\/uploads\/2022\/01\/Hans.Altmann.-.Eine_.deutsche.Legende.pdf#page=66\" target=\"_blank\" rel=\"noreferrer noopener\">Seite 61<\/a><\/cite><\/blockquote>\n\n\n\n<blockquote class=\"wp-block-quote\"><p>Auch d\u00fcrfen diese Hintergrundm\u00e4chte nie erfahren wie weit Reichsdeutschland mit der Kolonisierung des Mars schon ist, da die BRD- und DDR &#8211; Bev\u00f6lkerung neuen Repressalien wieder ausgesetzt w\u00e4re.<\/p><cite><a href=\"https:\/\/www.wahrheitundrecht.info\/wp-content\/uploads\/2022\/01\/Hans.Altmann.-.Eine_.deutsche.Legende.pdf#page=67\" target=\"_blank\" rel=\"noreferrer noopener\">Seite 62<\/a><\/cite><\/blockquote>\n\n\n\n<blockquote class=\"wp-block-quote\"><p>Was sollte zur Zeit hier auf dem Mars auch verteidigt werden? Raketen der alliierten Siegerm\u00e4chte des 2.Weltkrieges brauchten mindestens 1 Jahr von der Erde bis zum Mars, und im Jahre 1960 war man noch nicht so weit in der Technik fortgeschritten.<\/p><cite><a href=\"https:\/\/www.wahrheitundrecht.info\/wp-content\/uploads\/2022\/01\/Hans.Altmann.-.Eine_.deutsche.Legende.pdf#page=69\" target=\"_blank\" rel=\"noreferrer noopener\">Seite 64<\/a><\/cite><\/blockquote>\n\n\n\n<blockquote class=\"wp-block-quote\"><p>\u201eDeutsche M\u00e4nner, deutsche Frauen! Vor Urzeiten existierten in unserem Sonnensystem einmal drei Planeten, auf denen intelligentes Leben zu Hause war, Phaethon, Mars und Erde. Auf Phaethon lebte eine uralte Hochkultur mit weit fortgeschrittenen wissenschaftlichen und technologischen Erkenntnissen. Sie beherrschte die Raumfahrt und besuchte hin und wieder ihre n\u00e4chsten Nachbarn, Mars und Erde.&#8220;<\/p><cite><a href=\"https:\/\/www.wahrheitundrecht.info\/wp-content\/uploads\/2022\/01\/Hans.Altmann.-.Eine_.deutsche.Legende.pdf#page=71\" target=\"_blank\" rel=\"noreferrer noopener\">Seite 66<\/a><\/cite><\/blockquote>\n\n\n\n<blockquote class=\"wp-block-quote\"><p>In Tausenden von B\u00fcchern wird nachgewiesen, da\u00df es Atlantis gab; ebenso viele bestreiten seine Existenz. Seit der griechische Philosoph Plato (427-347 v. der Zeitrechnung) Atlantis in den Kritias und Timaios-Dialogen verarbeitete, ist Atlantis in der Phantasie der Menschen lebendig geblieben.<\/p><cite><a href=\"https:\/\/www.wahrheitundrecht.info\/wp-content\/uploads\/2022\/01\/Hans.Altmann.-.Eine_.deutsche.Legende.pdf#page=72\" target=\"_blank\" rel=\"noreferrer noopener\">Seite 67<\/a><\/cite><\/blockquote>\n\n\n\n<blockquote class=\"wp-block-quote\"><p>Atlantis war ein Inselkontinent, so gro\u00df wie Kleinasien und Lybien zusammen und lag hinter den S\u00e4ulen des Herakles ( also hinter Gibraltar im Atlantischen Ozean). \u00dcberlieferungen zufolge reisten die Atlantiden durch die Luft und unter Wasser.<\/p><cite><a href=\"https:\/\/www.wahrheitundrecht.info\/wp-content\/uploads\/2022\/01\/Hans.Altmann.-.Eine_.deutsche.Legende.pdf#page=73\" target=\"_blank\" rel=\"noreferrer noopener\">Seite 68<\/a><\/cite><\/blockquote>\n\n\n\n<blockquote class=\"wp-block-quote\"><p>Es wird berichtet, da\u00df sich die Pole verlagerten, als die Erde durch die Katastrophe kippte. Die Himmelsrichtungen ver\u00e4nderten sich und damit die Jahreszeiten. Kalender, Himmelskarten, Sonnen-und Wasseruhren stimmten nicht mehr.<\/p><cite><a href=\"https:\/\/www.wahrheitundrecht.info\/wp-content\/uploads\/2022\/01\/Hans.Altmann.-.Eine_.deutsche.Legende.pdf#page=74\" target=\"_blank\" rel=\"noreferrer noopener\">Seite 69<\/a><\/cite><\/blockquote>\n\n\n\n<blockquote class=\"wp-block-quote\"><p>So m\u00f6chte ich die Rede unseres F\u00fchrers Adolf Hitler vom Februar 1945 erg\u00e4nzen, wo er sagte: \u201eUnd wenn der Feind unser Land besetzen sollte, so werden wir unseren Kampf eines Tages vom Ausland fortsetzen. Es wird keine Sieger und Besiegte geben, aber das letzte Bataillon wird ein Deutsches sein.\u201c<\/p><cite><a href=\"https:\/\/www.wahrheitundrecht.info\/wp-content\/uploads\/2022\/01\/Hans.Altmann.-.Eine_.deutsche.Legende.pdf#page=75\" target=\"_blank\" rel=\"noreferrer noopener\">Seite 70<\/a><\/cite><\/blockquote>\n\n\n\n<blockquote class=\"wp-block-quote\"><p>Aufgrund unserer neuen technischen M\u00f6glichkeiten werde ich seine Rede mit seiner Erlaubnis dahingehend ab\u00e4ndern, indem ich heute sagen kann: \u201eUnd da der Feind unser Deutsches Reich seit dem 8.Mai 1945 besetzt hat, so werden wir unseren Kampf eines Tages vom Ausland und aus dem Weltraum fortsetzen, und es kann dann nur einen Sieger geben und dieser hei\u00dft Reichsdeutschland!\u201c<\/p><cite><a href=\"https:\/\/www.wahrheitundrecht.info\/wp-content\/uploads\/2022\/01\/Hans.Altmann.-.Eine_.deutsche.Legende.pdf#page=76\" target=\"_blank\" rel=\"noreferrer noopener\">Seite 71<\/a><\/cite><\/blockquote>\n\n\n\n<blockquote class=\"wp-block-quote\"><p>Wir sprachen \u00fcber den gestrigen Vortrag von Dr. Brockmeyer und dessen sensationelle Enth\u00fcllungen. Einiges wu\u00dfte er schon, da Dr. Brockmeyer hier auf dem Mars sich niedergelassen hatte, und seine dringlichste Aufgabe darin sah, die Oberfl\u00e4che dieses Planeten f\u00fcr die wei\u00dfen Europ\u00e4er bewohnbar zu machen.<\/p><cite><a href=\"https:\/\/www.wahrheitundrecht.info\/wp-content\/uploads\/2022\/01\/Hans.Altmann.-.Eine_.deutsche.Legende.pdf#page=77\" target=\"_blank\" rel=\"noreferrer noopener\">Seite 72<\/a><\/cite><\/blockquote>\n\n\n\n<blockquote class=\"wp-block-quote\"><p>Er erkl\u00e4rte mir daraufhin, da\u00df gerade die Japaner dem zersetzendem Zeitgeist nach dem 2. Weltkrieg am besten widerstanden h\u00e4tten und diese dem Deutschen Reich bis zum Ende, im Gegensatz zu anderen L\u00e4ndern, die Treue gehalten h\u00e4tten.<\/p><cite><a href=\"https:\/\/www.wahrheitundrecht.info\/wp-content\/uploads\/2022\/01\/Hans.Altmann.-.Eine_.deutsche.Legende.pdf#page=78\" target=\"_blank\" rel=\"noreferrer noopener\">Seite 73<\/a><\/cite><\/blockquote>\n\n\n\n<blockquote class=\"wp-block-quote\"><p>Es w\u00e4re gro\u00dfartig, wenn es Reichsdeutschland gelingen sollte, diesen Planeten Mars wieder in einen lebensfreundlichen Planeten zu verwandeln. Es w\u00fcrden, wie einst, aus dem dicht besiedelten Europa die Menschen diesmal zum Mars und nicht mehr nach Amerika auswandern.<\/p><cite><a href=\"https:\/\/www.wahrheitundrecht.info\/wp-content\/uploads\/2022\/01\/Hans.Altmann.-.Eine_.deutsche.Legende.pdf#page=79\" target=\"_blank\" rel=\"noreferrer noopener\">Seite 74<\/a><\/cite><\/blockquote>\n\n\n\n<blockquote class=\"wp-block-quote\"><p>Ich mu\u00dfte ihr recht geben, da die Mehrheit sich nach der heute in Deutschland j\u00fcdisch kontrollierten Presse, Fernsehen und Rundfunk orientiert. Die Presse wurde nach 1945 unter der Kontrolle des amerikanischen CIA aufgebaut. Dadurch ist es auch m\u00f6glich den \u00fcberwiegenden Teil der Bev\u00f6lkerung von den f\u00fcr das Volk wichtigen Informationen abzuriegeln.<\/p><cite><a href=\"https:\/\/www.wahrheitundrecht.info\/wp-content\/uploads\/2022\/01\/Hans.Altmann.-.Eine_.deutsche.Legende.pdf#page=80\" target=\"_blank\" rel=\"noreferrer noopener\">Seite 75<\/a><\/cite><\/blockquote>\n\n\n\n<blockquote class=\"wp-block-quote\"><p>Pl\u00f6tzlich tauchte am Horizont ein einzelner langgezogener Basaltbrocken auf. Seine L\u00e4nge mochte etwa 1,5 km und seine H\u00f6he etwa 100 m betragen. Beim n\u00e4heren Heranfahren waren deutlich die Konturen eines menschlichen Gesichtes zu erkennen, Haaransatz, Stirn, Augen, Nase, Mund und Kinn. Unverkennbar ein<br>europ\u00e4isches Gesicht.<\/p><cite><a href=\"https:\/\/www.wahrheitundrecht.info\/wp-content\/uploads\/2022\/01\/Hans.Altmann.-.Eine_.deutsche.Legende.pdf#page=82\" target=\"_blank\" rel=\"noreferrer noopener\">Seite 77<\/a><\/cite><\/blockquote>\n\n\n\n<blockquote class=\"wp-block-quote\"><p>Gewaltig ragten die Marspyramiden vor uns in den Himmel. Doppelt so gro\u00df wie diese aus \u00c4gypten, aber in gleicher Anordnung und Bauweise. Der rechte der gewaltigen Bauwerke hatte eine eingest\u00fcrzte Seitenwand, und ihr oberstes Viertel war eingebrochen.<\/p><cite><a href=\"https:\/\/www.wahrheitundrecht.info\/wp-content\/uploads\/2022\/01\/Hans.Altmann.-.Eine_.deutsche.Legende.pdf#page=83\" target=\"_blank\" rel=\"noreferrer noopener\">Seite 78<\/a><\/cite><\/blockquote>\n\n\n\n<blockquote class=\"wp-block-quote\"><p>\u201eLiebe Schwestern und Br\u00fcder, nachdem unser \u00e4u\u00dferer Nachbarplanet durch die kriegerische Unvernunft einer eroberungss\u00fcchtigen dunklen Rasse, die unsere Schwestern und Br\u00fcder st\u00e4ndig zu unterdr\u00fccken versuchten, obwohl diese immer wieder bei der dunklen Rasse um Frieden nachgesucht hatten, aber sich standhaft weigerten bei der dunklen Rasse in die Sklaverei zu gehen, in einem von der dunklen Rasse gegen sie angezettelten Atomkrieg explodiert ist, ist auch unser Planet gef\u00e4hrdet.&#8220;<\/p><cite><a href=\"https:\/\/www.wahrheitundrecht.info\/wp-content\/uploads\/2022\/01\/Hans.Altmann.-.Eine_.deutsche.Legende.pdf#page=84\" target=\"_blank\" rel=\"noreferrer noopener\">Seite 79<\/a><\/cite><\/blockquote>\n\n\n\n<blockquote class=\"wp-block-quote\"><p>Ihr, die wir euch jetzt schon Hypobor\u00e4er nennen, die \u00fcberwiegend auf der Nordhalbkugel eurer Erde leben, machen wir zu unseren Erben. H\u00fctet euch davor, unterschiedliche Rassen hier auf unseren Planeten siedeln zu lassen. Nehmt nur die mit, die euch wohl gesonnen sind, und die mit euch friedlich leben wollen.<\/p><cite><a href=\"https:\/\/www.wahrheitundrecht.info\/wp-content\/uploads\/2022\/01\/Hans.Altmann.-.Eine_.deutsche.Legende.pdf#page=85\" target=\"_blank\" rel=\"noreferrer noopener\">Seite 80<\/a><\/cite><\/blockquote>\n\n\n\n<blockquote class=\"wp-block-quote\"><p>&#8222;Wenn in 20 bis 30 Jahren die DDR mit der BRD vereinigt wird, nat\u00fcrlich auch mit starkem Druck aus dem Volk heraus, der \u00fcberwiegend von unseren Mitteldeutschen Landsleuten ausgeht, da diese noch nicht so dekadent wie die Westdeutschen sind, dann haben unsere Deutschen im Altreich die M\u00f6glichkeit zu zeigen, wie national, trotz der st\u00e4ndigen Gehirnw\u00e4sche, sie noch sind.\u201c<\/p><cite><a href=\"https:\/\/www.wahrheitundrecht.info\/wp-content\/uploads\/2022\/01\/Hans.Altmann.-.Eine_.deutsche.Legende.pdf#page=86\" target=\"_blank\" rel=\"noreferrer noopener\">Seite 81<\/a><\/cite><\/blockquote>\n\n\n\n<blockquote class=\"wp-block-quote\"><p>Mit einem Blick zur\u00fcck auf die Oberfl\u00e4che des Planeten Mars, startete unser Raumschiff durch. Mit 10.000.000 km pro Stunde rasten wir zur\u00fcck zur Erde. Da wir keine Ladezeit zu ber\u00fccksichtigen hatten, ging der Flug direkt in die Erdumlaufbahn, die wir nach 7 Stunden Flug erreichten.<\/p><cite><a href=\"https:\/\/www.wahrheitundrecht.info\/wp-content\/uploads\/2022\/01\/Hans.Altmann.-.Eine_.deutsche.Legende.pdf#page=88\" target=\"_blank\" rel=\"noreferrer noopener\">Seite 83<\/a><\/cite><\/blockquote>\n\n\n\n<blockquote class=\"wp-block-quote\"><p>Nachdem das internationale Judentum wieder die Herrschaft in unserem Deutschen Reich mit Hilfe des gr\u00f6\u00dften Teiles dieser Welt ergaunert und erlogen hat, ist es unser und mein gr\u00f6\u00dftes Ansinnen, das Deutsche Volk und die V\u00f6lker Europas vor der j\u00fcdischen Versklavung zu bewahren. Dieses Ziel ist nur mit dem Sieg \u00fcber das gesamte Weltjudentum zu erreichen.<\/p><cite><a href=\"https:\/\/www.wahrheitundrecht.info\/wp-content\/uploads\/2022\/01\/Hans.Altmann.-.Eine_.deutsche.Legende.pdf#page=89\" target=\"_blank\" rel=\"noreferrer noopener\">Seite 84<\/a><\/cite><\/blockquote>\n\n\n\n<blockquote class=\"wp-block-quote\"><p>\u201eWir Reichsdeutschen, zu denen ich sie, mein lieber junger Freund, mitz\u00e4hle, sind es unseren unz\u00e4hligen Opfern der beiden Weltkriege schuldig, den Kampf um die Freiheit nicht aufzugeben. Ich bin mir dessen bewu\u00dft, da\u00df ich in diesem Leben die Befreiung unseres Volkes und der V\u00f6lker Europas nicht mehr erlebe, aber sie und<br>ihre Generation haben die M\u00f6glichkeit dazu.\u201c<\/p><cite><a href=\"https:\/\/www.wahrheitundrecht.info\/wp-content\/uploads\/2022\/01\/Hans.Altmann.-.Eine_.deutsche.Legende.pdf#page=90\" target=\"_blank\" rel=\"noreferrer noopener\">Seite 85<\/a><\/cite><\/blockquote>\n\n\n\n<blockquote class=\"wp-block-quote\"><p>&#8222;Wenn dann die Volkswut am h\u00f6chsten ist, kommt es zu Demonstrationen, die aus<br>den Gruppen heraus organisiert werden. Diese Gruppen bilden dann den harten Kern der Demonstranten. Dann kommt die Stunde der reichsdeutschen Flugscheibenmacht.&#8220;<\/p><cite><a href=\"https:\/\/www.wahrheitundrecht.info\/wp-content\/uploads\/2022\/01\/Hans.Altmann.-.Eine_.deutsche.Legende.pdf#page=91\" target=\"_blank\" rel=\"noreferrer noopener\">Seite 86<\/a><\/cite><\/blockquote>\n\n\n\n<blockquote class=\"wp-block-quote\"><p>&#8222;Darauf erkl\u00e4rte uns England am 3. September 1939 den Krieg, und Frankreich schlo\u00df sich am 5. September 1939 der englischen Kriegserkl\u00e4rung an, da beide Staaten mit Polen gegen das Deutsche Reich einen Beistandspakt geschlossen hatten. Logischerweise h\u00e4tte England und Frankreich gleichzeitig wegen des Angriffs auf Polen, auch der Sowjetunion, den Krieg erkl\u00e4ren m\u00fcssen.&#8220;<\/p><cite><a href=\"https:\/\/www.wahrheitundrecht.info\/wp-content\/uploads\/2022\/01\/Hans.Altmann.-.Eine_.deutsche.Legende.pdf#page=92\" target=\"_blank\" rel=\"noreferrer noopener\">Seite 87<\/a><\/cite><\/blockquote>\n\n\n\n<blockquote class=\"wp-block-quote\"><p>&#8222;Das ist wie bei einem Kartenhaus, das ab einer bestimmten Gr\u00f6\u00dfe zusammenbricht. Es ist aber unbedingt wichtig, dem Volk nicht nur die Unf\u00e4higkeit des zur Zeit herrschenden Systems zu beweisen, sondern auch L\u00f6sungsvorschl\u00e4ge anzubieten, die der Mann auf der Stra\u00dfe auch nachvollziehen kann. Vor allem geh\u00f6rt dazu auch ein wirtschaftliches Konzept, da\u00df der breiten Bev\u00f6lkerung Wohlstand und Sicherheit bietet.&#8220;<\/p><cite><a href=\"https:\/\/www.wahrheitundrecht.info\/wp-content\/uploads\/2022\/01\/Hans.Altmann.-.Eine_.deutsche.Legende.pdf#page=93\" target=\"_blank\" rel=\"noreferrer noopener\">Seite 88<\/a><\/cite><\/blockquote>\n\n\n\n<blockquote class=\"wp-block-quote\"><p>Dieser r\u00e4usperte sich und begann seine Rede mit: \u201eDeutsche Landsleute, wir sind Sozialisten, sind Feinde, Todfeinde des heutigen kapitalistischen Wirtschaftssystem mit seiner Ausbeutung der wirtschaftlich Schwachen, mit seiner Ungerechtigkeit der Entlohnung, mit seiner unsittlichen Wertung der Menschen nach Verm\u00f6gen und Geld, statt nach Verantwortung und Leistung, und wir sind entschlossen, dieses System unter allen Umst\u00e4nden zu vernichten!&#8220;<\/p><cite><a href=\"https:\/\/www.wahrheitundrecht.info\/wp-content\/uploads\/2022\/01\/Hans.Altmann.-.Eine_.deutsche.Legende.pdf#page=94\" target=\"_blank\" rel=\"noreferrer noopener\">Seite 89<\/a><\/cite><\/blockquote>\n\n\n\n<blockquote class=\"wp-block-quote\"><p>&#8222;Zum Finanzpolitischen Grundsatz ist folgendes zu sagen:<br>Das Geldwesen steht im Dienste des Staates, die Geldgewaltigen d\u00fcrfen keinen Staat im Staate bilden. Daher unser Ziel: Brechung der Zinsknechtschaft durch:<br>Befreiung des Staates und damit des Volkes aus seiner zinspflichtigen Verschuldung<br>gegen\u00fcber dem Gro\u00dfleihkapital.&#8220;<\/p><cite><a href=\"https:\/\/www.wahrheitundrecht.info\/wp-content\/uploads\/2022\/01\/Hans.Altmann.-.Eine_.deutsche.Legende.pdf#page=95\" target=\"_blank\" rel=\"noreferrer noopener\">Seite 90<\/a><\/cite><\/blockquote>\n\n\n\n<blockquote class=\"wp-block-quote\"><p>&#8222;Einmal m\u00fcssen wir immer wieder den kapitalistischen Geist attackieren sowie das materialistische Profit- und Besitzerdenken, das sich auf nahezu alle Lebensbereiche<br>ausgedehnt hat. In der Behandlung dieses Punktes ist eine stimmungsorientierte Verfahrensweise in der Praxis durchaus angebracht, da das im Volk verbreitete<br>Konsumdenken und der Materialismus als erstrebenswerte Lebenseinstellung vertreten ist, wobei jeder angehalten ist, st\u00e4ndig zu pr\u00fcfen, ob er pers\u00f6nlich ein gutes Beispiel abgibt.&#8220;<\/p><cite><a href=\"https:\/\/www.wahrheitundrecht.info\/wp-content\/uploads\/2022\/01\/Hans.Altmann.-.Eine_.deutsche.Legende.pdf#page=96\" target=\"_blank\" rel=\"noreferrer noopener\">Seite 91<\/a><\/cite><\/blockquote>\n\n\n\n<blockquote class=\"wp-block-quote\"><p>\u201eEs ist eine allgemeine Kontaktsperre ausgesprochen worden, da einigen BND- und Mossad-Agenten gelungen ist, einzudringen. Diese sind nach Enttarnung sofort vor ein Schnellgericht gestellt worden und im Anschlu\u00df erschossen worden. Es besteht der Verdacht, da\u00df sich noch einige Agenten der Gegenseite sich im St\u00fctzpunkt befinden, die noch nicht enttarnt wurden. Daraufhin, ist die absolute Abschottung befohlen worden.&#8220;<\/p><cite><a href=\"https:\/\/www.wahrheitundrecht.info\/wp-content\/uploads\/2022\/01\/Hans.Altmann.-.Eine_.deutsche.Legende.pdf#page=99\" target=\"_blank\" rel=\"noreferrer noopener\">Seite 94<\/a><\/cite><\/blockquote>\n\n\n\n<blockquote class=\"wp-block-quote\"><p>Auch das Auto wurde zum Statussymbol. Darauf legten die Menschen ihr Augenmerk. Durch den BRD-Wohlstand angelockt, kamen immer mehr Fremde ins Land, die Arbeit suchten und ihre Familien nachkommen lie\u00dfen. Es trat genau der Zustand ein, der vom F\u00fchrer und Irene vorausgesagt worden war.<\/p><cite><a href=\"https:\/\/www.wahrheitundrecht.info\/wp-content\/uploads\/2022\/01\/Hans.Altmann.-.Eine_.deutsche.Legende.pdf#page=100\" target=\"_blank\" rel=\"noreferrer noopener\">Seite 95<\/a><\/cite><\/blockquote>\n\n\n\n<blockquote class=\"wp-block-quote\"><p>Obwohl ich in der Fachschule einiges f\u00fcr mein sp\u00e4teres Leben lernte, stellte diese doch einen Vorgeschmack, in Bezug auf Ungerechtigkeit, Korruption und Protektion, auf die Bundesrepublik Deutschland dar.<\/p><cite><a href=\"https:\/\/www.wahrheitundrecht.info\/wp-content\/uploads\/2022\/01\/Hans.Altmann.-.Eine_.deutsche.Legende.pdf#page=103\" target=\"_blank\" rel=\"noreferrer noopener\">Seite 98<\/a><\/cite><\/blockquote>\n\n\n\n<blockquote class=\"wp-block-quote\"><p>Auch ein Gedenkstein f\u00fcr die nach dem 1. Weltkrieg verlorenen deutschen Kolonien war damals in dieser Kaserne noch vorhanden. Nur die amerikanischen Stahlhelme st\u00f6rten das Erscheinungsbild. Und \u00fcber die Uniformen konnte man noch hinwegsehen.<\/p><cite><a href=\"https:\/\/www.wahrheitundrecht.info\/wp-content\/uploads\/2022\/01\/Hans.Altmann.-.Eine_.deutsche.Legende.pdf#page=104\" target=\"_blank\" rel=\"noreferrer noopener\">Seite 99<\/a><\/cite><\/blockquote>\n\n\n\n<blockquote class=\"wp-block-quote\"><p>In der Deutschen Wehrmacht des III. Reiches h\u00e4tte ich dieses Angebot auch gern angenommen. Aber in einer S\u00f6ldnerarmee von Amerikas Gnaden kam dies f\u00fcr mich nicht in Betracht. Zumal konnte ich mit meinem, nationalen Gedankengut es nicht verantworten, gegen unsere Br\u00fcder und Schwestern der ehemaligen DDR zu k\u00e4mpfen.<\/p><cite><a href=\"https:\/\/www.wahrheitundrecht.info\/wp-content\/uploads\/2022\/01\/Hans.Altmann.-.Eine_.deutsche.Legende.pdf#page=105\" target=\"_blank\" rel=\"noreferrer noopener\">Seite 100<\/a><\/cite><\/blockquote>\n\n\n\n<blockquote class=\"wp-block-quote\"><p>\u201eDann erw\u00e4hnen sie den Artikel 107 der Charta der Vereinten Nationen und den \u00a7 65 des Potsdamer Abkommens, wo geschrieben steht, da\u00df deutsche Soldaten, falls diese in Kampfhandlungen verwickelt werden, bei Gefangennahme wie Partisanen behandelt werden k\u00f6nnen, also standrechtlich erschossen werden k\u00f6nnen, da wir mit den Alliierten Siegerm\u00e4chten des 2. Weltkrieges noch keinen Friedensvertrag haben.\u201c<\/p><cite><a href=\"https:\/\/www.wahrheitundrecht.info\/wp-content\/uploads\/2022\/01\/Hans.Altmann.-.Eine_.deutsche.Legende.pdf#page=106\" target=\"_blank\" rel=\"noreferrer noopener\">Seite 101<\/a><\/cite><\/blockquote>\n\n\n\n<blockquote class=\"wp-block-quote\"><p>Dieser erz\u00e4hlte mir, da\u00df er als rassisch Verfolgter des III. Reiches 1933 seine Beamtenstelle beim Arbeitsamt verloren h\u00e4tte. Herr Liebig bekam f\u00fcr 35 Jahre sein Gehalt nachgezahlt, wobei eventuelle Bef\u00f6rderungen mit ber\u00fccksichtigt wurden, zus\u00e4tzlich bekam er auf diese Summe bank\u00fcbliche Zinsen und Zinseszinsen.<\/p><cite><a href=\"https:\/\/www.wahrheitundrecht.info\/wp-content\/uploads\/2022\/01\/Hans.Altmann.-.Eine_.deutsche.Legende.pdf#page=114\" target=\"_blank\" rel=\"noreferrer noopener\">Seite 109<\/a><\/cite><\/blockquote>\n\n\n\n<blockquote class=\"wp-block-quote\"><p>Fritz erkl\u00e4rte mir, da\u00df es sich hierbei um einen Flugapparat handelte, der gleichzeitig auch eine Zeitmaschine ist. Dadurch k\u00f6nnen riesige Entfernungen im Weltall bis in andere Sternensysteme in relativ kurzer Zeit \u00fcberwunden werden. Das geht durch einen sogenannten Zeittunnel durch eine Parallelwelt. Deshalb hat es den Namen Walk\u00fcre bekommen.<\/p><cite><a href=\"https:\/\/www.wahrheitundrecht.info\/wp-content\/uploads\/2022\/01\/Hans.Altmann.-.Eine_.deutsche.Legende.pdf#page=119\" target=\"_blank\" rel=\"noreferrer noopener\">Seite 114<\/a><\/cite><\/blockquote>\n\n\n\n<blockquote class=\"wp-block-quote\"><p>Der gro\u00dfe Erfolg der Aktion Blitzschlag war der, da\u00df kein Polizeibeamter und kein Wachmann bedroht oder \u00fcberw\u00e4ltigt werden mu\u00dfte. Wir waren vom Erfolg dieser Aktion voll begeistert, war es doch gleichzeitig ein Einsatztest f\u00fcr unsere reichsdeutschen Elitetruppen.<\/p><cite><a href=\"https:\/\/www.wahrheitundrecht.info\/wp-content\/uploads\/2022\/01\/Hans.Altmann.-.Eine_.deutsche.Legende.pdf#page=120\" target=\"_blank\" rel=\"noreferrer noopener\">Seite 115<\/a><\/cite><\/blockquote>\n\n\n\n<blockquote class=\"wp-block-quote\"><p>So erlebte ich hautnah diesen scheindemokratischen Staat BRD, dessen Vertreter heuchlerisch bei jeder sich bietenden Gelegenheit, die Worte Menschenrechte oder Demokratie in den Mund nehmen, aber mit ihren eigenen B\u00fcrgern oft wie mittelalterliche Feudalherren umgehen.<\/p><cite><a href=\"https:\/\/www.wahrheitundrecht.info\/wp-content\/uploads\/2022\/01\/Hans.Altmann.-.Eine_.deutsche.Legende.pdf#page=127\" target=\"_blank\" rel=\"noreferrer noopener\">Seite 122<\/a><\/cite><\/blockquote>\n\n\n\n<blockquote class=\"wp-block-quote\"><p>Sind die meisten Deutschen in der BRD von einer kollektiven Geisteskrankheit befallen? Die Frage stellen sich mit Sicherheit viele denkenden Ausl\u00e4nder. Nur so ist die heutige Abschottung der Reichsdeutschen von ihren Br\u00fcdern und Schwestern in der so angeblichen freien BRD zu verstehen.<\/p><cite><a href=\"https:\/\/www.wahrheitundrecht.info\/wp-content\/uploads\/2022\/01\/Hans.Altmann.-.Eine_.deutsche.Legende.pdf#page=131\" target=\"_blank\" rel=\"noreferrer noopener\">Seite 126<\/a><\/cite><\/blockquote>\n\n\n\n<blockquote class=\"wp-block-quote\"><p>Zeitgem\u00e4\u00df<br>&#8222;Vergi\u00df die Zeit, verlern das Denken,<br>mach stets ein dummes Schafsgesicht,<br>la\u00df dich vom gr\u00f6\u00dften Ochsen lenken,<br>und st\u00f6\u00dft er dich, dann wehr dich nicht!<br>Vermeide sorgsam jeden Streit,<br>und halt dich fern von Politik,<br>dann kommst du gut durch unsre Zeit!<br>Es trifft dich nie ein Mi\u00dfgeschick.&#8220;<\/p><cite><a href=\"https:\/\/www.wahrheitundrecht.info\/wp-content\/uploads\/2022\/01\/Hans.Altmann.-.Eine_.deutsche.Legende.pdf#page=131\" target=\"_blank\" rel=\"noreferrer noopener\">Seite 126<\/a><\/cite><\/blockquote>\n\n\n\n<blockquote class=\"wp-block-quote\"><p>Doch wenn dir dieses Lied nicht pa\u00dft,<br>geht es dir schnell an Kopf und Kragen.<br>Dann bist du unbeliebt, verha\u00dft.<br>Die Wahrheit darfst du niemals sagen!<\/p><cite><a href=\"https:\/\/www.wahrheitundrecht.info\/wp-content\/uploads\/2022\/01\/Hans.Altmann.-.Eine_.deutsche.Legende.pdf#page=132\" target=\"_blank\" rel=\"noreferrer noopener\">Seite 127<\/a><\/cite><\/blockquote>\n\n\n\n<blockquote class=\"wp-block-quote\"><p>Unter der Leitung des amerikanischen CIA arbeiten amerikanische Wissenschaftler an Bewu\u00dftseinskontrolle und Verhaltensbeeinflu\u00dfung des menschlichen Bewu\u00dftseins durch Drogen, elektromagnetische Strahlung und andere, seit Jahrzehnten untersuchte und entwickelte Methoden.<\/p><cite><a href=\"https:\/\/www.wahrheitundrecht.info\/wp-content\/uploads\/2022\/01\/Hans.Altmann.-.Eine_.deutsche.Legende.pdf#page=132\" target=\"_blank\" rel=\"noreferrer noopener\">Seite 127<\/a><\/cite><\/blockquote>\n\n\n\n<blockquote class=\"wp-block-quote\"><p>Wie steht es in den Zionistischen Protokollen geschrieben:<br>\u201eDie Gojim sind eine Schafherde, und wir sind die W\u00f6lfe. Wissen sie, was geschieht, wenn die W\u00f6lfe in eine Herde einbrechen? Sie werden ihre Augen verschlie\u00dfen. Wir werden ihnen versprechen, ihnen alle Freiheiten wiederzugeben, die wir ihnen nahmen, sobald als wir die Feinde des Friedens bezwungen und alle Parteien gez\u00e4hmt haben. Ich brauche wohl nicht zu sagen, wie lange sie auf die R\u00fcckkehr ihrer Freiheiten warten werden.&#8220;<\/p><cite><a href=\"https:\/\/www.wahrheitundrecht.info\/wp-content\/uploads\/2022\/01\/Hans.Altmann.-.Eine_.deutsche.Legende.pdf#page=133\" target=\"_blank\" rel=\"noreferrer noopener\">Seite 128<\/a><\/cite><\/blockquote>\n\n\n\n<blockquote class=\"wp-block-quote\"><p>\u201eDas Wort Freiheit, das auf verschiedene Weise ausgelegt werden kann, wird von uns wie folgt aufgefa\u00dft: Freiheit ist das Recht, zu tun, was die Gesetze erlauben. Diese Auslegung des Wortes wird uns zu gegebener Zeit dienen, denn alle Freiheit wird in unserer Hand sein, seitdem die Gesetze nur das abschaffen oder einf\u00fchren, was nach dem vorerw\u00e4hnten Plan f\u00fcr uns w\u00fcnschenswert ist.\u201c<\/p><cite><a href=\"https:\/\/www.wahrheitundrecht.info\/wp-content\/uploads\/2022\/01\/Hans.Altmann.-.Eine_.deutsche.Legende.pdf#page=134\" target=\"_blank\" rel=\"noreferrer noopener\">Seite 129<\/a><\/cite><\/blockquote>\n\n\n\n<blockquote class=\"wp-block-quote\"><p>Die n\u00e4chste Frage die sich stellt: Ist Reichsdeutschland heute noch bereit zu helfen, nachdem gro\u00dfe Teile des deutschen Volkes degeneriert sind und jede Bindung an das eigene Volk verloren haben? Warum hat es im deutschen Volk keine gr\u00f6\u00dferen Proteste gegeben, als der Volksverr\u00e4ter und ehemalige Bundeskanzler Willy Brandt 1971 in Warschau knief\u00e4llig geworden war? Die Entt\u00e4uschung \u00fcber die Haltung unseres Volkes war bei unseren reichsdeutschen Schwestern und Br\u00fcdern sehr gro\u00df. Damals und auch sp\u00e4ter hat es viele Stimmen gegeben, die das bundesdeutsche Volk abschreiben wollten. Aber ein gro\u00dfer Teil unserer Reichsdeutschen kennen auch die technischen M\u00f6glichkeiten der Gedankenkontrolle<br>und wissen \u00fcber die st\u00e4ndige Medienberieselung. Dadurch ist Reichsdeutschland zu dem Schlu\u00df gekommen, erst einmal abzuwarten. Trotzdem wird es fr\u00fcher oder sp\u00e4ter zur gro\u00dfen Auseinandersetzung kommen, da es ja nicht nur um Deutschland, sondern um unseren ganzen Planeten Erde geht. Und diesen Planeten Erde wird Reichsdeutschland nicht untergehen lassen!<\/p><cite><a href=\"https:\/\/www.wahrheitundrecht.info\/wp-content\/uploads\/2022\/01\/Hans.Altmann.-.Eine_.deutsche.Legende.pdf#page=135\" target=\"_blank\" rel=\"noreferrer noopener\">Seite 130<\/a><\/cite><\/blockquote>\n\n\n\n<blockquote class=\"wp-block-quote\"><p>Gespr\u00e4ch mit Ahasver!<\/p><cite><a href=\"https:\/\/www.wahrheitundrecht.info\/wp-content\/uploads\/2022\/01\/Hans.Altmann.-.Eine_.deutsche.Legende.pdf#page=136\" target=\"_blank\" rel=\"noreferrer noopener\">Seite 131<\/a><\/cite><\/blockquote>\n\n\n\n<blockquote class=\"wp-block-quote\"><p>Die heutige Weltenwende, in die uns das Schicksal gestellt, geht mit Dir bald zu Ende, Ahasver! &#8211; zum Segen der Welt!<\/p><cite><a href=\"https:\/\/www.wahrheitundrecht.info\/wp-content\/uploads\/2022\/01\/Hans.Altmann.-.Eine_.deutsche.Legende.pdf#page=137\" target=\"_blank\" rel=\"noreferrer noopener\">Seite 132<\/a><\/cite><\/blockquote>\n\n\n\n<figure class=\"wp-block-image size-full\"><img loading=\"lazy\" width=\"452\" height=\"640\" src=\"https:\/\/www.wahrheitundrecht.info\/wp-content\/uploads\/2022\/01\/k-Karte-NSL.jpg\" alt=\"\" class=\"wp-image-318\" srcset=\"https:\/\/www.wahrheitundrecht.info\/wp-content\/uploads\/2022\/01\/k-Karte-NSL.jpg 452w, https:\/\/www.wahrheitundrecht.info\/wp-content\/uploads\/2022\/01\/k-Karte-NSL-212x300.jpg 212w\" sizes=\"(max-width: 452px) 100vw, 452px\" \/><figcaption><a href=\"https:\/\/www.wahrheitundrecht.info\/wp-content\/uploads\/2022\/01\/Hans.Altmann.-.Eine_.deutsche.Legende.pdf#page=138\" target=\"_blank\" rel=\"noreferrer noopener\">Karte von Neu &#8211; Schwabenland<\/a><\/figcaption><\/figure>\n\n\n\n<figure class=\"wp-block-image size-full\"><img loading=\"lazy\" width=\"452\" height=\"640\" src=\"https:\/\/www.wahrheitundrecht.info\/wp-content\/uploads\/2022\/01\/k-Deutsche-Flugscheibe.jpg\" alt=\"\" class=\"wp-image-317\" srcset=\"https:\/\/www.wahrheitundrecht.info\/wp-content\/uploads\/2022\/01\/k-Deutsche-Flugscheibe.jpg 452w, https:\/\/www.wahrheitundrecht.info\/wp-content\/uploads\/2022\/01\/k-Deutsche-Flugscheibe-212x300.jpg 212w\" sizes=\"(max-width: 452px) 100vw, 452px\" \/><figcaption><a href=\"https:\/\/www.wahrheitundrecht.info\/wp-content\/uploads\/2022\/01\/Hans.Altmann.-.Eine_.deutsche.Legende.pdf#page=139\" target=\"_blank\" rel=\"noreferrer noopener\">Deutsche Flugscheibe<\/a><\/figcaption><\/figure>\n\n\n\n<p><\/p>\n","protected":false},"excerpt":{"rendered":"<p>Dieser Roman ist ein Roman voller Realit\u00e4ten und ist geschrieben im Gedenken an diejenigen Reichsdeutschen, die mir das Wissen zu dessen Inhalt gaben. Seite 1 Da\u00df dort an hochbrisanten Geheimobjekten gearbeitet wurde, beweist die Aussage des Gruppenleiters Dr. Stroh im Januar 1945 gegen\u00fcber meiner Mutter und meinen Gro\u00dfeltern, da\u00df etwas noch fertiggestellt werden m\u00fc\u00dfte, womit [&hellip;]<\/p>\n","protected":false},"author":2,"featured_media":886,"comment_status":"open","ping_status":"open","sticky":false,"template":"","format":"standard","meta":[],"categories":[4],"tags":[],"_links":{"self":[{"href":"https:\/\/www.wahrheitundrecht.info\/index.php?rest_route=\/wp\/v2\/posts\/178"}],"collection":[{"href":"https:\/\/www.wahrheitundrecht.info\/index.php?rest_route=\/wp\/v2\/posts"}],"about":[{"href":"https:\/\/www.wahrheitundrecht.info\/index.php?rest_route=\/wp\/v2\/types\/post"}],"author":[{"embeddable":true,"href":"https:\/\/www.wahrheitundrecht.info\/index.php?rest_route=\/wp\/v2\/users\/2"}],"replies":[{"embeddable":true,"href":"https:\/\/www.wahrheitundrecht.info\/index.php?rest_route=%2Fwp%2Fv2%2Fcomments&post=178"}],"version-history":[{"count":133,"href":"https:\/\/www.wahrheitundrecht.info\/index.php?rest_route=\/wp\/v2\/posts\/178\/revisions"}],"predecessor-version":[{"id":779,"href":"https:\/\/www.wahrheitundrecht.info\/index.php?rest_route=\/wp\/v2\/posts\/178\/revisions\/779"}],"wp:featuredmedia":[{"embeddable":true,"href":"https:\/\/www.wahrheitundrecht.info\/index.php?rest_route=\/wp\/v2\/media\/886"}],"wp:attachment":[{"href":"https:\/\/www.wahrheitundrecht.info\/index.php?rest_route=%2Fwp%2Fv2%2Fmedia&parent=178"}],"wp:term":[{"taxonomy":"category","embeddable":true,"href":"https:\/\/www.wahrheitundrecht.info\/index.php?rest_route=%2Fwp%2Fv2%2Fcategories&post=178"},{"taxonomy":"post_tag","embeddable":true,"href":"https:\/\/www.wahrheitundrecht.info\/index.php?rest_route=%2Fwp%2Fv2%2Ftags&post=178"}],"curies":[{"name":"wp","href":"https:\/\/api.w.org\/{rel}","templated":true}]}}